{"id":10674,"date":"2016-04-03T09:16:16","date_gmt":"2016-04-03T12:16:16","guid":{"rendered":"http:\/\/www.maisbn.com\/portal\/?p=10674"},"modified":"2016-04-03T09:20:04","modified_gmt":"2016-04-03T12:20:04","slug":"agentes-de-saude-promovem-assembleia-geral-para-discutir-situacao-da-categoria-em-belmonte","status":"publish","type":"post","link":"https:\/\/www.maisbn.com\/portal\/2016\/04\/agentes-de-saude-promovem-assembleia-geral-para-discutir-situacao-da-categoria-em-belmonte\/","title":{"rendered":"Agentes de Sa\u00fade promovem Assembleia Geral para discutir situa\u00e7\u00e3o da categoria em Belmonte"},"content":{"rendered":"<p><a href=\"http:\/\/www.maisbn.com\/portal\/wp-content\/uploads\/2016\/04\/foto07.jpg\"><img loading=\"lazy\" decoding=\"async\" class=\"size-full wp-image-10675 aligncenter\" src=\"http:\/\/www.maisbn.com\/portal\/wp-content\/uploads\/2016\/04\/foto07.jpg\" alt=\"foto07\" width=\"650\" height=\"412\" \/><\/a><\/p>\n<p><span style=\"color: #000000;\">Na \u00faltima sexta-feira (01\/04) aconteceu em Belmonte a Assembleia Geral dos Agentes de Sa\u00fade de Belmonte. O evento, que aconteceu no Esporte Clube Am\u00e9rica, contou com a participa\u00e7\u00e3o\u00a0 de toda a coordena\u00e7\u00e3o de sa\u00fade do munic\u00edpio e profissionais que atuam na \u00e1rea. Tamb\u00e9m estiveram presentes no evento a Prefeita Alice Maria de Britto, a Secret\u00e1ria Municipal de Sa\u00fade, Sr\u00aa Uadila e a Secret\u00e1ria Municipal de Administra\u00e7\u00e3o, A Sr\u00aa Cristiane. O objetivo do evento foi a negocia\u00e7\u00e3o e a delibera\u00e7\u00e3o dos assuntos do edital de convoca\u00e7\u00e3o da categoria previamente divulgado nas respectivas Unidades de Sa\u00fade.<\/span><\/p>\n<p><a href=\"http:\/\/www.maisbn.com\/portal\/wp-content\/uploads\/2016\/04\/foto08.jpg\"><img loading=\"lazy\" decoding=\"async\" class=\"size-full wp-image-10676 aligncenter\" src=\"http:\/\/www.maisbn.com\/portal\/wp-content\/uploads\/2016\/04\/foto08.jpg\" alt=\"foto08\" width=\"650\" height=\"412\" \/><\/a><\/p>\n<p><span style=\"color: #000000;\">Durante a reuni\u00e3o, que teve a presen\u00e7a tamb\u00e9m da diretoria do SINDIACSCER, Sindicato da Categoria,foram discutidos assuntos como: A conquista da incorpora\u00e7\u00e3o dos Agentes de Combate a Endemias na Aten\u00e7\u00e3o B\u00e1sica, elabora\u00e7\u00e3o, discuss\u00e3o e vota\u00e7\u00e3o do Plano de Carreira da categoria e incentivo adicional para os\u00a0 Agentes de Combate a Endemias.<\/span><\/p>\n<p><a href=\"http:\/\/www.maisbn.com\/portal\/wp-content\/uploads\/2016\/04\/foto09.jpg\"><img loading=\"lazy\" decoding=\"async\" class=\"size-full wp-image-10678 aligncenter\" src=\"http:\/\/www.maisbn.com\/portal\/wp-content\/uploads\/2016\/04\/foto09.jpg\" alt=\"foto09\" width=\"650\" height=\"412\" \/><\/a><\/p>\n<p><span style=\"color: #000000;\">A Prefeita Alice Britto ouviu os profissionais, comentou a atual situa\u00e7\u00e3o econ\u00f4mica do munic\u00edpio e firmou compromisso com a categoria de finalizar a discuss\u00e3o do Plano de Carreira\u00a0 dos Agentes de Sa\u00fade do munic\u00edpio at\u00e9 a pr\u00f3xima segunda-feira (04\/04). &#8220;Eu sei da import\u00e2ncia desses profissionais para a comunidade de sa\u00fade e estou empenhada em resolver os assuntos pertinentes \u00e0 categoria. Vamos continuar com as negocia\u00e7\u00f5es e, com certeza, chegaremos a um acordo bom para o munic\u00edpio e para esses profissionais.&#8221; &#8211; Comentou a Prefeita Alice.<\/span><\/p>\n<p><a href=\"http:\/\/www.maisbn.com\/portal\/wp-content\/uploads\/2016\/04\/foto24.jpg\"><img loading=\"lazy\" decoding=\"async\" class=\"size-full wp-image-10677 aligncenter\" src=\"http:\/\/www.maisbn.com\/portal\/wp-content\/uploads\/2016\/04\/foto24.jpg\" alt=\"foto24\" width=\"650\" height=\"412\" \/><\/a><\/p>\n<p><span style=\"color: #000000;\">Todos os presentes tiveram \u00e0 sua disposi\u00e7\u00e3o, logo depois das discuss\u00f5es dos assuntos em pauta, um delicioso caf\u00e9 da manh\u00e3 que serviu para fechar o evento.<\/span><\/p>\n<p>&nbsp;<\/p>\n","protected":false},"excerpt":{"rendered":"<p>Na \u00faltima sexta-feira (01\/04) aconteceu em Belmonte a Assembleia Geral dos Agentes de Sa\u00fade de Belmonte. O evento, que aconteceu no Esporte Clube Am\u00e9rica, contou com a participa\u00e7\u00e3o\u00a0 de toda a coordena\u00e7\u00e3o de sa\u00fade do munic\u00edpio e profissionais que atuam na \u00e1rea. Tamb\u00e9m estiveram presentes no evento a Prefeita Alice Maria de Britto, a Secret\u00e1ria [&hellip;]<\/p>\n","protected":false},"author":7,"featured_media":10675,"comment_status":"open","ping_status":"open","sticky":false,"template":"","format":"standard","meta":{"footnotes":""},"categories":[1,28],"tags":[108],"class_list":["post-10674","post","type-post","status-publish","format-standard","has-post-thumbnail","hentry","category-noticias","category-saude-noticias","tag-belmonte"],"_links":{"self":[{"href":"https:\/\/www.maisbn.com\/portal\/wp-json\/wp\/v2\/posts\/10674","targetHints":{"allow":["GET"]}}],"collection":[{"href":"https:\/\/www.maisbn.com\/portal\/wp-json\/wp\/v2\/posts"}],"about":[{"href":"https:\/\/www.maisbn.com\/portal\/wp-json\/wp\/v2\/types\/post"}],"author":[{"embeddable":true,"href":"https:\/\/www.maisbn.com\/portal\/wp-json\/wp\/v2\/users\/7"}],"replies":[{"embeddable":true,"href":"https:\/\/www.maisbn.com\/portal\/wp-json\/wp\/v2\/comments?post=10674"}],"version-history":[{"count":3,"href":"https:\/\/www.maisbn.com\/portal\/wp-json\/wp\/v2\/posts\/10674\/revisions"}],"predecessor-version":[{"id":10681,"href":"https:\/\/www.maisbn.com\/portal\/wp-json\/wp\/v2\/posts\/10674\/revisions\/10681"}],"wp:featuredmedia":[{"embeddable":true,"href":"https:\/\/www.maisbn.com\/portal\/wp-json\/wp\/v2\/media\/10675"}],"wp:attachment":[{"href":"https:\/\/www.maisbn.com\/portal\/wp-json\/wp\/v2\/media?parent=10674"}],"wp:term":[{"taxonomy":"category","embeddable":true,"href":"https:\/\/www.maisbn.com\/portal\/wp-json\/wp\/v2\/categories?post=10674"},{"taxonomy":"post_tag","embeddable":true,"href":"https:\/\/www.maisbn.com\/portal\/wp-json\/wp\/v2\/tags?post=10674"}],"curies":[{"name":"wp","href":"https:\/\/api.w.org\/{rel}","templated":true}]}}