{"id":10666,"date":"2016-04-01T22:56:58","date_gmt":"2016-04-02T01:56:58","guid":{"rendered":"http:\/\/www.maisbn.com\/portal\/?p=10666"},"modified":"2016-04-01T22:56:58","modified_gmt":"2016-04-02T01:56:58","slug":"reuniao-publica-discute-projeto-de-lei-que-apoiara-o-combate-ao-mosquito-aedes-aegypti","status":"publish","type":"post","link":"https:\/\/www.maisbn.com\/portal\/2016\/04\/reuniao-publica-discute-projeto-de-lei-que-apoiara-o-combate-ao-mosquito-aedes-aegypti\/","title":{"rendered":"Reuni\u00e3o P\u00fablica discute Projeto de Lei que apoiar\u00e1 o combate ao mosquito Aedes Aegypti."},"content":{"rendered":"<p><span style=\"color: #000000;\">Profissionais da Secretaria Municipal de Sa\u00fade participaram ontem, dia 31\/03, de uma Reuni\u00e3o P\u00fablica na C\u00e2mara de Vereadores, quando o vereador F\u00e1bio Carvalho apresentou, para aprecia\u00e7\u00e3o e discuss\u00e3o, o Projeto de Lei do Poder Legislativo, que trata do enfrentamento ao Mosquito transmissor do v\u00edrus da Dengue, Zika eChikungunya.<\/span><\/p>\n<p><a href=\"http:\/\/www.maisbn.com\/portal\/wp-content\/uploads\/2016\/04\/reuniaosaude01.jpg\"><img loading=\"lazy\" decoding=\"async\" class=\"aligncenter  wp-image-10667\" src=\"http:\/\/www.maisbn.com\/portal\/wp-content\/uploads\/2016\/04\/reuniaosaude01.jpg\" alt=\"reuniaosaude01\" width=\"680\" height=\"450\" \/><\/a><\/p>\n<p><span style=\"color: #000000;\"><a href=\"http:\/\/www.maisbn.com\/portal\/wp-content\/uploads\/2016\/04\/reuniaosaude02.jpg\"><img loading=\"lazy\" decoding=\"async\" class=\"alignleft size-full wp-image-10668\" src=\"http:\/\/www.maisbn.com\/portal\/wp-content\/uploads\/2016\/04\/reuniaosaude02.jpg\" alt=\"reuniaosaude02\" width=\"331\" height=\"217\" \/><\/a>A Coordenadora do programa de Combate \u00e0s Endemias, Tatiane Oliveira Fonseca Cangussu tamb\u00e9m fez uma apresenta\u00e7\u00e3o sobre a Tr\u00edplice Epidemia, curiosidades acerca do vetor, preven\u00e7\u00e3o, como tamb\u00e9m resultados das a\u00e7\u00f5es realizadas pela de Secretaria Municipal de Sa\u00fade e os n\u00fameros epidemiol\u00f3gicos do munic\u00edpio relativos \u00e0s doen\u00e7as.<\/span><\/p>\n<p><span style=\"color: #000000;\">Os funcion\u00e1rios consideraram que a Reuni\u00e3o P\u00fablica foi um importante passo nessa grande luta contra o Mosquito Aedes Aegypti e que todas as iniciativas s\u00e3o bem vindas para derrotar esse grande inimigo.<\/span><\/p>\n","protected":false},"excerpt":{"rendered":"<p>Profissionais da Secretaria Municipal de Sa\u00fade participaram ontem, dia 31\/03, de uma Reuni\u00e3o P\u00fablica na C\u00e2mara de Vereadores, quando o vereador F\u00e1bio Carvalho apresentou, para aprecia\u00e7\u00e3o e discuss\u00e3o, o Projeto de Lei do Poder Legislativo, que trata do enfrentamento ao Mosquito transmissor do v\u00edrus da Dengue, Zika eChikungunya. A Coordenadora do programa de Combate \u00e0s [&hellip;]<\/p>\n","protected":false},"author":7,"featured_media":10668,"comment_status":"open","ping_status":"open","sticky":false,"template":"","format":"standard","meta":{"footnotes":""},"categories":[1,28],"tags":[108],"class_list":["post-10666","post","type-post","status-publish","format-standard","has-post-thumbnail","hentry","category-noticias","category-saude-noticias","tag-belmonte"],"_links":{"self":[{"href":"https:\/\/www.maisbn.com\/portal\/wp-json\/wp\/v2\/posts\/10666","targetHints":{"allow":["GET"]}}],"collection":[{"href":"https:\/\/www.maisbn.com\/portal\/wp-json\/wp\/v2\/posts"}],"about":[{"href":"https:\/\/www.maisbn.com\/portal\/wp-json\/wp\/v2\/types\/post"}],"author":[{"embeddable":true,"href":"https:\/\/www.maisbn.com\/portal\/wp-json\/wp\/v2\/users\/7"}],"replies":[{"embeddable":true,"href":"https:\/\/www.maisbn.com\/portal\/wp-json\/wp\/v2\/comments?post=10666"}],"version-history":[{"count":1,"href":"https:\/\/www.maisbn.com\/portal\/wp-json\/wp\/v2\/posts\/10666\/revisions"}],"predecessor-version":[{"id":10669,"href":"https:\/\/www.maisbn.com\/portal\/wp-json\/wp\/v2\/posts\/10666\/revisions\/10669"}],"wp:featuredmedia":[{"embeddable":true,"href":"https:\/\/www.maisbn.com\/portal\/wp-json\/wp\/v2\/media\/10668"}],"wp:attachment":[{"href":"https:\/\/www.maisbn.com\/portal\/wp-json\/wp\/v2\/media?parent=10666"}],"wp:term":[{"taxonomy":"category","embeddable":true,"href":"https:\/\/www.maisbn.com\/portal\/wp-json\/wp\/v2\/categories?post=10666"},{"taxonomy":"post_tag","embeddable":true,"href":"https:\/\/www.maisbn.com\/portal\/wp-json\/wp\/v2\/tags?post=10666"}],"curies":[{"name":"wp","href":"https:\/\/api.w.org\/{rel}","templated":true}]}}