{"id":10664,"date":"2016-04-01T22:41:06","date_gmt":"2016-04-02T01:41:06","guid":{"rendered":"http:\/\/www.maisbn.com\/portal\/?p=10664"},"modified":"2016-04-01T22:41:06","modified_gmt":"2016-04-02T01:41:06","slug":"alunos-do-polivalente-desmentem-informacao-de-que-a-greve-dos-funcionarios-atrapalhou-as-aulas","status":"publish","type":"post","link":"https:\/\/www.maisbn.com\/portal\/2016\/04\/alunos-do-polivalente-desmentem-informacao-de-que-a-greve-dos-funcionarios-atrapalhou-as-aulas\/","title":{"rendered":"Alunos do Polivalente desmentem informa\u00e7\u00e3o de que a greve dos funcion\u00e1rios atrapalhou as aulas."},"content":{"rendered":"<p><a href=\"http:\/\/www.maisbn.com\/portal\/wp-content\/uploads\/2016\/03\/alunospolivalente00003.jpg\"><img loading=\"lazy\" decoding=\"async\" class=\"aligncenter size-full wp-image-10635\" src=\"http:\/\/www.maisbn.com\/portal\/wp-content\/uploads\/2016\/03\/alunospolivalente00003.jpg\" alt=\"alunospolivalente00003\" width=\"650\" height=\"412\" \/><\/a><\/p>\n<p><span style=\"color: #000000;\">Alunos do 3\u00ba Ano Forma\u00e7\u00e3o Geral B do Complexo Polivalente de Belmonte procuraram nossa equipe na manh\u00e3 desta sexta-feira (01\/04) para esclarecer algumas informa\u00e7\u00f5es veiculadas na mat\u00e9ria anterior que trata da manifesta\u00e7\u00e3o dos mesmos em solidariedade aos funcion\u00e1rios terceirizados respons\u00e1veis pela merenda e pela limpeza da unidade escolar.<\/span><\/p>\n<p><span style=\"color: #000000;\">Segundo os alunos, houve um equ\u00edvoco nas informa\u00e7\u00f5es que dizem que o Polivalente estava com as salas cheias de lixo e com os banheiros sujos. Os mesmos negaram tal informa\u00e7\u00e3o e revelaram que nunca aconteceu tal fato, j\u00e1 que, os funcion\u00e1rios, mesmo sem receber, estavam indo trabalhar todos os dias para fazer a limpeza da unidade escolar e a merenda dos alunos.<\/span><\/p>\n<p><span style=\"color: #000000;\">O motivo da manifesta\u00e7\u00e3o foi que os alunos se sensibilizaram com a situa\u00e7\u00e3o dif\u00edcil desses funcion\u00e1rios que estavam h\u00e1 dois meses sem receber os seus sal\u00e1rios e estavam trabalhando de forma volunt\u00e1ria para que as aulas n\u00e3o fossem paralisadas e o calend\u00e1rio escolar n\u00e3o fosse prejudicado.<\/span><\/p>\n<p><span style=\"color: #000000;\">A manifesta\u00e7\u00e3o surtiu efeito e ainda nesta manh\u00e3 a Secretaria Estadual de Educa\u00e7\u00e3o emitiu um comunicado informando que j\u00e1 est\u00e1 providenciando os professores para suprirem as vagas que est\u00e3o em aberto. O \u00f3rg\u00e3o ainda informou que est\u00e1 tomando todas as provid\u00eancias necess\u00e1rias para que os sal\u00e1rios atrasados dos servidores da limpeza e da merenda sejam normalizados o mais r\u00e1pido poss\u00edvel. A Secretaria Estadual de Educa\u00e7\u00e3o ainda desmentiu a situa\u00e7\u00e3o de encerramento de atividades do Complexo Escolar Polivalente de Belmonte e classificou a informa\u00e7\u00e3o como boatos infundados.<\/span><\/p>\n","protected":false},"excerpt":{"rendered":"<p>Alunos do 3\u00ba Ano Forma\u00e7\u00e3o Geral B do Complexo Polivalente de Belmonte procuraram nossa equipe na manh\u00e3 desta sexta-feira (01\/04) para esclarecer algumas informa\u00e7\u00f5es veiculadas na mat\u00e9ria anterior que trata da manifesta\u00e7\u00e3o dos mesmos em solidariedade aos funcion\u00e1rios terceirizados respons\u00e1veis pela merenda e pela limpeza da unidade escolar. Segundo os alunos, houve um equ\u00edvoco nas [&hellip;]<\/p>\n","protected":false},"author":7,"featured_media":10635,"comment_status":"open","ping_status":"open","sticky":false,"template":"","format":"standard","meta":{"footnotes":""},"categories":[8,1],"tags":[108],"class_list":["post-10664","post","type-post","status-publish","format-standard","has-post-thumbnail","hentry","category-educacao","category-noticias","tag-belmonte"],"_links":{"self":[{"href":"https:\/\/www.maisbn.com\/portal\/wp-json\/wp\/v2\/posts\/10664","targetHints":{"allow":["GET"]}}],"collection":[{"href":"https:\/\/www.maisbn.com\/portal\/wp-json\/wp\/v2\/posts"}],"about":[{"href":"https:\/\/www.maisbn.com\/portal\/wp-json\/wp\/v2\/types\/post"}],"author":[{"embeddable":true,"href":"https:\/\/www.maisbn.com\/portal\/wp-json\/wp\/v2\/users\/7"}],"replies":[{"embeddable":true,"href":"https:\/\/www.maisbn.com\/portal\/wp-json\/wp\/v2\/comments?post=10664"}],"version-history":[{"count":1,"href":"https:\/\/www.maisbn.com\/portal\/wp-json\/wp\/v2\/posts\/10664\/revisions"}],"predecessor-version":[{"id":10665,"href":"https:\/\/www.maisbn.com\/portal\/wp-json\/wp\/v2\/posts\/10664\/revisions\/10665"}],"wp:featuredmedia":[{"embeddable":true,"href":"https:\/\/www.maisbn.com\/portal\/wp-json\/wp\/v2\/media\/10635"}],"wp:attachment":[{"href":"https:\/\/www.maisbn.com\/portal\/wp-json\/wp\/v2\/media?parent=10664"}],"wp:term":[{"taxonomy":"category","embeddable":true,"href":"https:\/\/www.maisbn.com\/portal\/wp-json\/wp\/v2\/categories?post=10664"},{"taxonomy":"post_tag","embeddable":true,"href":"https:\/\/www.maisbn.com\/portal\/wp-json\/wp\/v2\/tags?post=10664"}],"curies":[{"name":"wp","href":"https:\/\/api.w.org\/{rel}","templated":true}]}}