{"id":10652,"date":"2016-04-01T11:01:31","date_gmt":"2016-04-01T14:01:31","guid":{"rendered":"http:\/\/www.maisbn.com\/portal\/?p=10652"},"modified":"2016-04-01T11:01:31","modified_gmt":"2016-04-01T14:01:31","slug":"prefeitura-de-belmonte-comenta-situacao-das-reformas-da-pca-sao-joao-e-da-pca-da-matriz","status":"publish","type":"post","link":"https:\/\/www.maisbn.com\/portal\/2016\/04\/prefeitura-de-belmonte-comenta-situacao-das-reformas-da-pca-sao-joao-e-da-pca-da-matriz\/","title":{"rendered":"Prefeitura de Belmonte comenta situa\u00e7\u00e3o das reformas da P\u00e7a. S\u00e3o Jo\u00e3o e da P\u00e7a. da Matriz."},"content":{"rendered":"<p><span style=\"color: #000000;\">Na manh\u00e3 desta quinta-feira (31\/03) nossa equipe esteve na Prefeitura Municipal de Belmonte para procurar saber informa\u00e7\u00f5es da t\u00e3o sonhada reforma da Pra\u00e7a S\u00e3o Jo\u00e3o noticiada pelo Deputado Estadual J\u00e2nio Natal em sua p\u00e1gina em uma rede social.<\/span><\/p>\n<p><span style=\"color: #000000;\">Procuramos informa\u00e7\u00f5es com a Assessora T\u00e9cnica respons\u00e1vel pelos processos de Conv\u00eanios Federais da Prefeitura Municipal de Belmonte, A Sr\u00aa. Ivana Gusm\u00e3o. Ivana nos informou que a verba da reforma da Pra\u00e7a S\u00e3o Jo\u00e3o tinha sido conseguida pelo Deputado Federal Claudio Cajado atrav\u00e9s do conv\u00eanio 808260. O Deputado Cajado conseguiu uma verba no valor de R$ 292.500,00, onde foi liberado a primeira parte dos recursos no valor de R$\u00a0146.250,00. <\/span><\/p>\n<p><a href=\"http:\/\/www.maisbn.com\/portal\/wp-content\/uploads\/2016\/04\/cajado_02.jpg\"><img loading=\"lazy\" decoding=\"async\" class=\"aligncenter wp-image-10659 size-full\" src=\"http:\/\/www.maisbn.com\/portal\/wp-content\/uploads\/2016\/04\/cajado_02.jpg\" alt=\"cajado_02\" width=\"1200\" height=\"335\" srcset=\"https:\/\/www.maisbn.com\/portal\/wp-content\/uploads\/2016\/04\/cajado_02.jpg 1200w, https:\/\/www.maisbn.com\/portal\/wp-content\/uploads\/2016\/04\/cajado_02-1000x279.jpg 1000w\" sizes=\"auto, (max-width: 1200px) 100vw, 1200px\" \/><\/a><\/p>\n<div id=\"attachment_10658\" style=\"width: 971px\" class=\"wp-caption aligncenter\"><a href=\"http:\/\/www.maisbn.com\/portal\/wp-content\/uploads\/2016\/04\/convenio_cajado.jpg\"><img loading=\"lazy\" decoding=\"async\" aria-describedby=\"caption-attachment-10658\" class=\"wp-image-10658 size-full\" src=\"http:\/\/www.maisbn.com\/portal\/wp-content\/uploads\/2016\/04\/convenio_cajado.jpg\" alt=\"convenio_cajado\" width=\"961\" height=\"442\" \/><\/a><p id=\"caption-attachment-10658\" class=\"wp-caption-text\">Recursos Deputado Federal Claudio Cajado<\/p><\/div>\n<p><span style=\"color: #000000;\">Sobre a verba conseguida pelo Deputado Estadual J\u00e2nio Natal, Ivana nos informou que os recursos ser\u00e3o usados na reforma da Pra\u00e7a da Matriz. Essas verbas, que est\u00e3o registradas atrav\u00e9s do conv\u00eanio N\u00ba 80759, est\u00e3o no valor de R$ 292.500,00 e j\u00e1 foi liberada a primeira parte dos recursos no valor de R$ 146.250,00. A mesma ainda nos informou que todas as obras j\u00e1 est\u00e3o licitadas e prontas para serem iniciadas.<\/span><\/p>\n<p><a href=\"http:\/\/www.maisbn.com\/portal\/wp-content\/uploads\/2016\/04\/convenio_janio02.jpg\"><img loading=\"lazy\" decoding=\"async\" class=\"aligncenter wp-image-10656 size-full\" src=\"http:\/\/www.maisbn.com\/portal\/wp-content\/uploads\/2016\/04\/convenio_janio02.jpg\" alt=\"convenio_janio02\" width=\"978\" height=\"445\" \/><\/a><\/p>\n<div id=\"attachment_10660\" style=\"width: 1376px\" class=\"wp-caption aligncenter\"><a href=\"http:\/\/www.maisbn.com\/portal\/wp-content\/uploads\/2016\/04\/processo_janio_natal.jpg\"><img loading=\"lazy\" decoding=\"async\" aria-describedby=\"caption-attachment-10660\" class=\"size-full wp-image-10660\" src=\"http:\/\/www.maisbn.com\/portal\/wp-content\/uploads\/2016\/04\/processo_janio_natal.jpg\" alt=\"Recursos Deputado Estadual J\u00e2nio Natal\" width=\"1366\" height=\"330\" srcset=\"https:\/\/www.maisbn.com\/portal\/wp-content\/uploads\/2016\/04\/processo_janio_natal.jpg 1366w, https:\/\/www.maisbn.com\/portal\/wp-content\/uploads\/2016\/04\/processo_janio_natal-1000x242.jpg 1000w\" sizes=\"auto, (max-width: 1366px) 100vw, 1366px\" \/><\/a><p id=\"caption-attachment-10660\" class=\"wp-caption-text\">Recursos Deputado Estadual J\u00e2nio Natal<\/p><\/div>\n<p><span style=\"color: #000000;\">Nossa equipe ainda perguntou a assessora sobre a situa\u00e7\u00e3o de estar havendo boicote pol\u00edtico no uso dos recursos. Ivana negou tal informa\u00e7\u00e3o e comentou que todas as obras s\u00e3o bem vindas e que sua equipe est\u00e1 lutando por todos os recursos que s\u00e3o disponibilizados, n\u00e3o importando de que ente pol\u00edtico venha. &#8220;Nunca houve ordem da Prefeita Alice de barrar qualquer recurso. Ela sempre comentou com toda a equipe que o importante \u00e9 a cidade de Belmonte e que todas as melhorias que venham para a cidade ser\u00e3o sempre bem aceitas.&#8221; &#8211; Comentou Ivana.<\/span><\/p>\n","protected":false},"excerpt":{"rendered":"<p>Na manh\u00e3 desta quinta-feira (31\/03) nossa equipe esteve na Prefeitura Municipal de Belmonte para procurar saber informa\u00e7\u00f5es da t\u00e3o sonhada reforma da Pra\u00e7a S\u00e3o Jo\u00e3o noticiada pelo Deputado Estadual J\u00e2nio Natal em sua p\u00e1gina em uma rede social. Procuramos informa\u00e7\u00f5es com a Assessora T\u00e9cnica respons\u00e1vel pelos processos de Conv\u00eanios Federais da Prefeitura Municipal de Belmonte, [&hellip;]<\/p>\n","protected":false},"author":7,"featured_media":10661,"comment_status":"open","ping_status":"open","sticky":false,"template":"","format":"standard","meta":{"footnotes":""},"categories":[45,1],"tags":[108],"class_list":["post-10652","post","type-post","status-publish","format-standard","has-post-thumbnail","hentry","category-cidades","category-noticias","tag-belmonte"],"_links":{"self":[{"href":"https:\/\/www.maisbn.com\/portal\/wp-json\/wp\/v2\/posts\/10652","targetHints":{"allow":["GET"]}}],"collection":[{"href":"https:\/\/www.maisbn.com\/portal\/wp-json\/wp\/v2\/posts"}],"about":[{"href":"https:\/\/www.maisbn.com\/portal\/wp-json\/wp\/v2\/types\/post"}],"author":[{"embeddable":true,"href":"https:\/\/www.maisbn.com\/portal\/wp-json\/wp\/v2\/users\/7"}],"replies":[{"embeddable":true,"href":"https:\/\/www.maisbn.com\/portal\/wp-json\/wp\/v2\/comments?post=10652"}],"version-history":[{"count":2,"href":"https:\/\/www.maisbn.com\/portal\/wp-json\/wp\/v2\/posts\/10652\/revisions"}],"predecessor-version":[{"id":10663,"href":"https:\/\/www.maisbn.com\/portal\/wp-json\/wp\/v2\/posts\/10652\/revisions\/10663"}],"wp:featuredmedia":[{"embeddable":true,"href":"https:\/\/www.maisbn.com\/portal\/wp-json\/wp\/v2\/media\/10661"}],"wp:attachment":[{"href":"https:\/\/www.maisbn.com\/portal\/wp-json\/wp\/v2\/media?parent=10652"}],"wp:term":[{"taxonomy":"category","embeddable":true,"href":"https:\/\/www.maisbn.com\/portal\/wp-json\/wp\/v2\/categories?post=10652"},{"taxonomy":"post_tag","embeddable":true,"href":"https:\/\/www.maisbn.com\/portal\/wp-json\/wp\/v2\/tags?post=10652"}],"curies":[{"name":"wp","href":"https:\/\/api.w.org\/{rel}","templated":true}]}}