{"id":10647,"date":"2016-04-01T09:18:55","date_gmt":"2016-04-01T12:18:55","guid":{"rendered":"http:\/\/www.maisbn.com\/portal\/?p=10647"},"modified":"2016-04-01T09:18:55","modified_gmt":"2016-04-01T12:18:55","slug":"reviravoltas-continuam-acontecendo-e-esquentando-o-clima-politico-em-belmonte","status":"publish","type":"post","link":"https:\/\/www.maisbn.com\/portal\/2016\/04\/reviravoltas-continuam-acontecendo-e-esquentando-o-clima-politico-em-belmonte\/","title":{"rendered":"Reviravoltas continuam acontecendo e esquentando o clima pol\u00edtico em Belmonte."},"content":{"rendered":"<p><span style=\"color: #000000;\">Na noite dessa quinta-feira (31\/03) mais uma reviravolta pol\u00edtica acontece em Belmonte. Estamos falando da decis\u00e3o do pr\u00e9-candidato Josuel Brito dos Santos de Barrol\u00e2ndia, mas conhecido pelo apelido de Si, que, depois de anunciar apoio ao grupo da Prefeita Alice Britto resolveu migrar para o grupo do Deputado Estadual J\u00e2nio Natal e seu irm\u00e3o e agricultor Janival Andrade.<\/span><\/p>\n<div id=\"attachment_10648\" style=\"width: 660px\" class=\"wp-caption aligncenter\"><a style=\"color: #000000;\" href=\"http:\/\/www.maisbn.com\/portal\/wp-content\/uploads\/2016\/04\/politicareviravolta00001.jpg\"><img loading=\"lazy\" decoding=\"async\" aria-describedby=\"caption-attachment-10648\" class=\"wp-image-10648 size-full\" src=\"http:\/\/www.maisbn.com\/portal\/wp-content\/uploads\/2016\/04\/politicareviravolta00001.jpg\" alt=\"politicareviravolta00001\" width=\"650\" height=\"412\" \/><\/a><p id=\"caption-attachment-10648\" class=\"wp-caption-text\"><\/span> <span style=\"color: #000000;\">Pr\u00e9-candidato Josuel Brito dos Santos de Barrol\u00e2ndia migra para o grupo pol\u00edtico do Deputado Estadual J\u00e2nio Natal.<\/span><\/p><\/div>\n<p><span style=\"color: #000000;\">Josuel teve nas elei\u00e7\u00f5es passadas o total de 177 votos e pretende nesta pr\u00f3xima elei\u00e7\u00e3o concorrer, mais uma vez a uma das vagas de vereador no munic\u00edpio de Belmonte. Durante a reuni\u00e3o, que culminou com o apoio ao projeto pol\u00edtico de Janival e J\u00e2nio Natal, o pr\u00e9-candidato informou a todos os presentes que onde ele estava iria concorrer com 08 vereadores de mandato e que viu no grupo do Deputado J\u00e2nio Natal a oportunidade de concorrer com apenas um. &#8220;Eu vejo nessa oportunidade de ter chances reais de ser eleito.&#8221; &#8211; Concluiu Josuel.<\/span><\/p>\n<p style=\"text-align: center;\"><span style=\"color: #000000;\"><strong>Lideran\u00e7a do S\u00e3o Benedito, depois de mais de uma d\u00e9cada, migra do grupo do Deputado J\u00e2nio Natal e passa a apoiar o ex-prefeito I\u00eado Elias.<\/strong><\/span><\/p>\n<div id=\"attachment_10649\" style=\"width: 660px\" class=\"wp-caption aligncenter\"><a style=\"color: #000000;\" href=\"http:\/\/www.maisbn.com\/portal\/wp-content\/uploads\/2016\/04\/politicareviravolta900001.jpg\"><img loading=\"lazy\" decoding=\"async\" aria-describedby=\"caption-attachment-10649\" class=\"size-full wp-image-10649\" src=\"http:\/\/www.maisbn.com\/portal\/wp-content\/uploads\/2016\/04\/politicareviravolta900001.jpg\" alt=\"Alex Ramos do S\u00e3o Benedito apoiar\u00e1 o grupo pol\u00edtico do Ex-prefeito I\u00eado Elias.\" width=\"650\" height=\"412\" \/><\/a><p id=\"caption-attachment-10649\" class=\"wp-caption-text\"><\/span> <span style=\"color: #000000;\">Alex Ramos do S\u00e3o Benedito apoiar\u00e1 o grupo pol\u00edtico do Ex-prefeito I\u00eado Elias.<\/span><\/p><\/div>\n<p><span style=\"color: #000000;\">Outra reviravolta tamb\u00e9m aconteceu nesta quinta-feira (31\/03). Estamos falando do pr\u00e9-candidato a vereador Alex Ramos que, depois de mais de uma d\u00e9cada marchando com o grupo pol\u00edtico do Deputado Estadual J\u00e2nio Natal, resolveu migrar para o grupo do pr\u00e9-candidato a prefeito I\u00eado Elias. Alex Ramos informou que o motivo da mudan\u00e7a foi incompatibilidade na maneira de pensar do mesmo com a do grupo pol\u00edtico do Deputado. Alex informou que tomou a decis\u00e3o de migrar porque foi acolhido pelo ex-gestor que apoiou as suas id\u00e9ias e prometeu implementa-las se for eleito.<\/span><\/p>\n<p>&nbsp;<\/p>\n","protected":false},"excerpt":{"rendered":"<p>Na noite dessa quinta-feira (31\/03) mais uma reviravolta pol\u00edtica acontece em Belmonte. Estamos falando da decis\u00e3o do pr\u00e9-candidato Josuel Brito dos Santos de Barrol\u00e2ndia, mas conhecido pelo apelido de Si, que, depois de anunciar apoio ao grupo da Prefeita Alice Britto resolveu migrar para o grupo do Deputado Estadual J\u00e2nio Natal e seu irm\u00e3o e [&hellip;]<\/p>\n","protected":false},"author":7,"featured_media":10650,"comment_status":"open","ping_status":"open","sticky":false,"template":"","format":"standard","meta":{"footnotes":""},"categories":[1,7],"tags":[108],"class_list":["post-10647","post","type-post","status-publish","format-standard","has-post-thumbnail","hentry","category-noticias","category-politica","tag-belmonte"],"_links":{"self":[{"href":"https:\/\/www.maisbn.com\/portal\/wp-json\/wp\/v2\/posts\/10647","targetHints":{"allow":["GET"]}}],"collection":[{"href":"https:\/\/www.maisbn.com\/portal\/wp-json\/wp\/v2\/posts"}],"about":[{"href":"https:\/\/www.maisbn.com\/portal\/wp-json\/wp\/v2\/types\/post"}],"author":[{"embeddable":true,"href":"https:\/\/www.maisbn.com\/portal\/wp-json\/wp\/v2\/users\/7"}],"replies":[{"embeddable":true,"href":"https:\/\/www.maisbn.com\/portal\/wp-json\/wp\/v2\/comments?post=10647"}],"version-history":[{"count":1,"href":"https:\/\/www.maisbn.com\/portal\/wp-json\/wp\/v2\/posts\/10647\/revisions"}],"predecessor-version":[{"id":10651,"href":"https:\/\/www.maisbn.com\/portal\/wp-json\/wp\/v2\/posts\/10647\/revisions\/10651"}],"wp:featuredmedia":[{"embeddable":true,"href":"https:\/\/www.maisbn.com\/portal\/wp-json\/wp\/v2\/media\/10650"}],"wp:attachment":[{"href":"https:\/\/www.maisbn.com\/portal\/wp-json\/wp\/v2\/media?parent=10647"}],"wp:term":[{"taxonomy":"category","embeddable":true,"href":"https:\/\/www.maisbn.com\/portal\/wp-json\/wp\/v2\/categories?post=10647"},{"taxonomy":"post_tag","embeddable":true,"href":"https:\/\/www.maisbn.com\/portal\/wp-json\/wp\/v2\/tags?post=10647"}],"curies":[{"name":"wp","href":"https:\/\/api.w.org\/{rel}","templated":true}]}}