{"id":10620,"date":"2016-03-30T19:04:52","date_gmt":"2016-03-30T22:04:52","guid":{"rendered":"http:\/\/www.maisbn.com\/portal\/?p=10620"},"modified":"2016-03-30T19:04:52","modified_gmt":"2016-03-30T22:04:52","slug":"mais-uma-lideranca-politica-de-barrolandia-adere-ao-grupo-politico-da-prefeita-alice-britto","status":"publish","type":"post","link":"https:\/\/www.maisbn.com\/portal\/2016\/03\/mais-uma-lideranca-politica-de-barrolandia-adere-ao-grupo-politico-da-prefeita-alice-britto\/","title":{"rendered":"Mais uma lideran\u00e7a pol\u00edtica de Barrol\u00e2ndia adere ao grupo pol\u00edtico da Prefeita Alice Britto."},"content":{"rendered":"<p><a href=\"http:\/\/www.maisbn.com\/portal\/wp-content\/uploads\/2016\/03\/lula_vereador.jpg\"><img loading=\"lazy\" decoding=\"async\" class=\"aligncenter  wp-image-10621\" src=\"http:\/\/www.maisbn.com\/portal\/wp-content\/uploads\/2016\/03\/lula_vereador.jpg\" alt=\"lula_vereador\" width=\"665\" height=\"530\" \/><\/a><\/p>\n<p><span style=\"color: #000000;\">Na manh\u00e3 desta quarta-feira (30\/03) mais uma lideran\u00e7a pol\u00edtica de Barrol\u00e2ndia aderiu ao projeto de reelei\u00e7\u00e3o da Prefeita Alice Britto. Estamos falando do Sr. Manoel Lula dos Santos, mais conhecido no distrito pelo apelido de Lula. <\/span><\/p>\n<p><span style=\"color: #000000;\">O fato aconteceu pela manh\u00e3 durante uma reuni\u00e3o pol\u00edtica onde o pr\u00e9-candidato afirmou o seu apoio a atual gestora devido ao importante trabalho que a mesma vem realizando no distrito de Barrol\u00e2ndia. O fato foi comemorado pelo Sr. Edson, coordenador da campanha e marido da gestora. Edson aproveitou para comentar que com essa aquisi\u00e7\u00e3o o grupo de Alice Britto segue mais forte na caminhada em busca da vit\u00f3ria nas elei\u00e7\u00f5es desse ano.<\/span><\/p>\n","protected":false},"excerpt":{"rendered":"<p>Na manh\u00e3 desta quarta-feira (30\/03) mais uma lideran\u00e7a pol\u00edtica de Barrol\u00e2ndia aderiu ao projeto de reelei\u00e7\u00e3o da Prefeita Alice Britto. Estamos falando do Sr. Manoel Lula dos Santos, mais conhecido no distrito pelo apelido de Lula. O fato aconteceu pela manh\u00e3 durante uma reuni\u00e3o pol\u00edtica onde o pr\u00e9-candidato afirmou o seu apoio a atual gestora [&hellip;]<\/p>\n","protected":false},"author":7,"featured_media":10621,"comment_status":"open","ping_status":"open","sticky":false,"template":"","format":"standard","meta":{"footnotes":""},"categories":[1,7],"tags":[108],"class_list":["post-10620","post","type-post","status-publish","format-standard","has-post-thumbnail","hentry","category-noticias","category-politica","tag-belmonte"],"_links":{"self":[{"href":"https:\/\/www.maisbn.com\/portal\/wp-json\/wp\/v2\/posts\/10620","targetHints":{"allow":["GET"]}}],"collection":[{"href":"https:\/\/www.maisbn.com\/portal\/wp-json\/wp\/v2\/posts"}],"about":[{"href":"https:\/\/www.maisbn.com\/portal\/wp-json\/wp\/v2\/types\/post"}],"author":[{"embeddable":true,"href":"https:\/\/www.maisbn.com\/portal\/wp-json\/wp\/v2\/users\/7"}],"replies":[{"embeddable":true,"href":"https:\/\/www.maisbn.com\/portal\/wp-json\/wp\/v2\/comments?post=10620"}],"version-history":[{"count":1,"href":"https:\/\/www.maisbn.com\/portal\/wp-json\/wp\/v2\/posts\/10620\/revisions"}],"predecessor-version":[{"id":10622,"href":"https:\/\/www.maisbn.com\/portal\/wp-json\/wp\/v2\/posts\/10620\/revisions\/10622"}],"wp:featuredmedia":[{"embeddable":true,"href":"https:\/\/www.maisbn.com\/portal\/wp-json\/wp\/v2\/media\/10621"}],"wp:attachment":[{"href":"https:\/\/www.maisbn.com\/portal\/wp-json\/wp\/v2\/media?parent=10620"}],"wp:term":[{"taxonomy":"category","embeddable":true,"href":"https:\/\/www.maisbn.com\/portal\/wp-json\/wp\/v2\/categories?post=10620"},{"taxonomy":"post_tag","embeddable":true,"href":"https:\/\/www.maisbn.com\/portal\/wp-json\/wp\/v2\/tags?post=10620"}],"curies":[{"name":"wp","href":"https:\/\/api.w.org\/{rel}","templated":true}]}}