{"id":10544,"date":"2016-03-22T09:10:14","date_gmt":"2016-03-22T12:10:14","guid":{"rendered":"http:\/\/www.maisbn.com\/portal\/?p=10544"},"modified":"2016-03-22T09:10:14","modified_gmt":"2016-03-22T12:10:14","slug":"veracel-promove-a-1a-edicao-do-ser-mulher","status":"publish","type":"post","link":"https:\/\/www.maisbn.com\/portal\/2016\/03\/veracel-promove-a-1a-edicao-do-ser-mulher\/","title":{"rendered":"Veracel promove a 1\u00aa edi\u00e7\u00e3o do Ser Mulher."},"content":{"rendered":"<p><span style=\"color: #000000;\">Na manh\u00e3 do dia 12\/03, a Veracel Celulose realizou o Ser Mulher, um evento dedicado exclusivamente \u00e0s colaboradoras e esposas de colaboradores com o intuito de valorizar a import\u00e2ncia da mulher para a empresa e na sociedade. Esta primeira edi\u00e7\u00e3o reuniu mais de 150 mulheres em Eun\u00e1polis.<\/span><\/p>\n<p><a href=\"http:\/\/www.maisbn.com\/portal\/wp-content\/uploads\/2016\/03\/veracelmulher01.jpg\"><img loading=\"lazy\" decoding=\"async\" class=\"aligncenter size-full wp-image-10545\" src=\"http:\/\/www.maisbn.com\/portal\/wp-content\/uploads\/2016\/03\/veracelmulher01.jpg\" alt=\"veracelmulher01\" width=\"650\" height=\"433\" \/><\/a><\/p>\n<p><span style=\"color: #000000;\">Palestras sobre sa\u00fade da mulher, autoestima, alimenta\u00e7\u00e3o de qualidade e administra\u00e7\u00e3o do or\u00e7amento familiar fizeram parte da programa\u00e7\u00e3o. \u201cOs assuntos abordados foram muito adequados \u00e0s nossas necessidades e os palestrantes tamb\u00e9m foram muito bons. Os temas contribu\u00edram para a valoriza\u00e7\u00e3o da mulher\u201d, comentou Val\u00e9ria Magalh\u00e3es Pinheiro de Souza, esposa do gestor Fl\u00e1vio Souza. Al\u00e9m das palestras, foi reservado um espa\u00e7o especial para maquiagem e se\u00e7\u00e3o fotogr\u00e1fica.<\/span><\/p>\n<p><a href=\"http:\/\/www.maisbn.com\/portal\/wp-content\/uploads\/2016\/03\/veracelmulher03.jpg\"><img loading=\"lazy\" decoding=\"async\" class=\"aligncenter size-full wp-image-10546\" src=\"http:\/\/www.maisbn.com\/portal\/wp-content\/uploads\/2016\/03\/veracelmulher03.jpg\" alt=\"veracelmulher03\" width=\"650\" height=\"433\" \/><\/a><\/p>\n<p><span style=\"color: #000000;\">As participantes tamb\u00e9m conheceram parte da rotina dos colaboradores que trabalham na \u00e1rea da Colheita Florestal com visita ao m\u00f3dulo de alimenta\u00e7\u00e3o que estava exposto durante o evento.<\/span><\/p>\n<p><a href=\"http:\/\/www.maisbn.com\/portal\/wp-content\/uploads\/2016\/03\/veracelmulher04.jpg\"><img loading=\"lazy\" decoding=\"async\" class=\"aligncenter size-full wp-image-10547\" src=\"http:\/\/www.maisbn.com\/portal\/wp-content\/uploads\/2016\/03\/veracelmulher04.jpg\" alt=\"veracelmulher04\" width=\"650\" height=\"433\" \/><\/a><\/p>\n<p><span style=\"color: #000000;\"><strong>Autoestima feminina em alta<\/strong> \u2013 A autoestima \u00e9 a valoriza\u00e7\u00e3o que damos a n\u00f3s mesmos sem se preocupar o mundo exterior. Isso tem a ver com estar de bem com a vida e gostar de si mesmo, independente das circunst\u00e2ncias. As situa\u00e7\u00f5es comuns do dia a dia exigem muito das mulheres \u2013 que s\u00e3o m\u00e3es, esposas, profissionais e dona de casa &#8211; e \u00e9 preciso ter muita disposi\u00e7\u00e3o al\u00e9m de estar com a autoestima equilibrada. \u201cO primeiro passo pensar em autoestima \u00e9 come\u00e7ar a se aceitar. Aceitar quem voc\u00ea \u00e9, a hist\u00f3ria de vida que voc\u00ea teve e que te transformou em quem voc\u00ea \u00e9. E a partir disso fica mais f\u00e1cil mudar aquilo que n\u00e3o gosta no seu comportamento e elevar sua autoestima\u201d, explicou o psic\u00f3logo Alexandre Peixoto, um dos palestrantes do Ser Mulher.<\/span><\/p>\n<p>&nbsp;<\/p>\n","protected":false},"excerpt":{"rendered":"<p>Na manh\u00e3 do dia 12\/03, a Veracel Celulose realizou o Ser Mulher, um evento dedicado exclusivamente \u00e0s colaboradoras e esposas de colaboradores com o intuito de valorizar a import\u00e2ncia da mulher para a empresa e na sociedade. Esta primeira edi\u00e7\u00e3o reuniu mais de 150 mulheres em Eun\u00e1polis. Palestras sobre sa\u00fade da mulher, autoestima, alimenta\u00e7\u00e3o de [&hellip;]<\/p>\n","protected":false},"author":7,"featured_media":10546,"comment_status":"open","ping_status":"open","sticky":false,"template":"","format":"standard","meta":{"footnotes":""},"categories":[29,1],"tags":[108],"class_list":["post-10544","post","type-post","status-publish","format-standard","has-post-thumbnail","hentry","category-empreendimentos","category-noticias","tag-belmonte"],"_links":{"self":[{"href":"https:\/\/www.maisbn.com\/portal\/wp-json\/wp\/v2\/posts\/10544","targetHints":{"allow":["GET"]}}],"collection":[{"href":"https:\/\/www.maisbn.com\/portal\/wp-json\/wp\/v2\/posts"}],"about":[{"href":"https:\/\/www.maisbn.com\/portal\/wp-json\/wp\/v2\/types\/post"}],"author":[{"embeddable":true,"href":"https:\/\/www.maisbn.com\/portal\/wp-json\/wp\/v2\/users\/7"}],"replies":[{"embeddable":true,"href":"https:\/\/www.maisbn.com\/portal\/wp-json\/wp\/v2\/comments?post=10544"}],"version-history":[{"count":1,"href":"https:\/\/www.maisbn.com\/portal\/wp-json\/wp\/v2\/posts\/10544\/revisions"}],"predecessor-version":[{"id":10548,"href":"https:\/\/www.maisbn.com\/portal\/wp-json\/wp\/v2\/posts\/10544\/revisions\/10548"}],"wp:featuredmedia":[{"embeddable":true,"href":"https:\/\/www.maisbn.com\/portal\/wp-json\/wp\/v2\/media\/10546"}],"wp:attachment":[{"href":"https:\/\/www.maisbn.com\/portal\/wp-json\/wp\/v2\/media?parent=10544"}],"wp:term":[{"taxonomy":"category","embeddable":true,"href":"https:\/\/www.maisbn.com\/portal\/wp-json\/wp\/v2\/categories?post=10544"},{"taxonomy":"post_tag","embeddable":true,"href":"https:\/\/www.maisbn.com\/portal\/wp-json\/wp\/v2\/tags?post=10544"}],"curies":[{"name":"wp","href":"https:\/\/api.w.org\/{rel}","templated":true}]}}