{"id":10516,"date":"2016-03-18T10:43:21","date_gmt":"2016-03-18T13:43:21","guid":{"rendered":"http:\/\/www.maisbn.com\/portal\/?p=10516"},"modified":"2016-03-18T10:43:21","modified_gmt":"2016-03-18T13:43:21","slug":"deputado-janio-natal-reforca-time-do-ptn-na-assembleia","status":"publish","type":"post","link":"https:\/\/www.maisbn.com\/portal\/2016\/03\/deputado-janio-natal-reforca-time-do-ptn-na-assembleia\/","title":{"rendered":"Deputado J\u00e2nio Natal refor\u00e7a time do PTN na Assembleia."},"content":{"rendered":"<p><a href=\"http:\/\/www.maisbn.com\/portal\/wp-content\/uploads\/2016\/02\/dep_janio_natal.jpg\"><img loading=\"lazy\" decoding=\"async\" class=\"aligncenter size-full wp-image-10178\" src=\"http:\/\/www.maisbn.com\/portal\/wp-content\/uploads\/2016\/02\/dep_janio_natal.jpg\" alt=\"dep_janio_natal\" width=\"530\" height=\"352\" \/><\/a><\/p>\n<p><span style=\"color: #000000;\">A estrat\u00e9gia do PTN de qualificar os quadros do partido ganhou for\u00e7a nesta quinta-feira (17), com a filia\u00e7\u00e3o do deputado estadual J\u00e2nio Natal \u00e0 legenda. O parlamentar oficializou a entrada no PTN, ap\u00f3s negocia\u00e7\u00f5es com o presidente da sigla, deputado federal Bacelar, que passaram pela articula\u00e7\u00e3o para as elei\u00e7\u00f5es municipais de outubro. &#8220;J\u00e2nio tem uma trajet\u00f3ria pol\u00edtica importante, que vai fazer o PTN crescer no extremo sul e outras regi\u00f5es do estado . \u00c9 um quadro que dignifica o partido\u201d &#8211; Disse Bacelar. <\/span><\/p>\n<p><span style=\"color: #000000;\">Para celebrar o novo projeto pol\u00edtico, J\u00e2nio Natal est\u00e1 programando um grande encontro de lideran\u00e7as no munic\u00edpio de Belmonte, onde o deputado j\u00e1 foi prefeito por dois mandatos e pretende eleger este ano o irm\u00e3o Janival Andrade, que tamb\u00e9m se filiou ao PTN. &#8220;Estou de casa nova, porque firmei um compromisso com o deputado Bacelar, que vem ao encontro da minha plataforma de trabalho. Juntos, vamos lutar pela educa\u00e7\u00e3o de qualidade e pelo desenvolvimento do extremo sul baiano.&#8221; &#8211; Ressaltou J\u00e2nio.<\/span><\/p>\n","protected":false},"excerpt":{"rendered":"<p>A estrat\u00e9gia do PTN de qualificar os quadros do partido ganhou for\u00e7a nesta quinta-feira (17), com a filia\u00e7\u00e3o do deputado estadual J\u00e2nio Natal \u00e0 legenda. O parlamentar oficializou a entrada no PTN, ap\u00f3s negocia\u00e7\u00f5es com o presidente da sigla, deputado federal Bacelar, que passaram pela articula\u00e7\u00e3o para as elei\u00e7\u00f5es municipais de outubro. &#8220;J\u00e2nio tem uma [&hellip;]<\/p>\n","protected":false},"author":7,"featured_media":10178,"comment_status":"open","ping_status":"open","sticky":false,"template":"","format":"standard","meta":{"footnotes":""},"categories":[1,7],"tags":[108],"class_list":["post-10516","post","type-post","status-publish","format-standard","has-post-thumbnail","hentry","category-noticias","category-politica","tag-belmonte"],"_links":{"self":[{"href":"https:\/\/www.maisbn.com\/portal\/wp-json\/wp\/v2\/posts\/10516","targetHints":{"allow":["GET"]}}],"collection":[{"href":"https:\/\/www.maisbn.com\/portal\/wp-json\/wp\/v2\/posts"}],"about":[{"href":"https:\/\/www.maisbn.com\/portal\/wp-json\/wp\/v2\/types\/post"}],"author":[{"embeddable":true,"href":"https:\/\/www.maisbn.com\/portal\/wp-json\/wp\/v2\/users\/7"}],"replies":[{"embeddable":true,"href":"https:\/\/www.maisbn.com\/portal\/wp-json\/wp\/v2\/comments?post=10516"}],"version-history":[{"count":1,"href":"https:\/\/www.maisbn.com\/portal\/wp-json\/wp\/v2\/posts\/10516\/revisions"}],"predecessor-version":[{"id":10517,"href":"https:\/\/www.maisbn.com\/portal\/wp-json\/wp\/v2\/posts\/10516\/revisions\/10517"}],"wp:featuredmedia":[{"embeddable":true,"href":"https:\/\/www.maisbn.com\/portal\/wp-json\/wp\/v2\/media\/10178"}],"wp:attachment":[{"href":"https:\/\/www.maisbn.com\/portal\/wp-json\/wp\/v2\/media?parent=10516"}],"wp:term":[{"taxonomy":"category","embeddable":true,"href":"https:\/\/www.maisbn.com\/portal\/wp-json\/wp\/v2\/categories?post=10516"},{"taxonomy":"post_tag","embeddable":true,"href":"https:\/\/www.maisbn.com\/portal\/wp-json\/wp\/v2\/tags?post=10516"}],"curies":[{"name":"wp","href":"https:\/\/api.w.org\/{rel}","templated":true}]}}