{"id":10502,"date":"2016-03-17T12:38:28","date_gmt":"2016-03-17T15:38:28","guid":{"rendered":"http:\/\/www.maisbn.com\/portal\/?p=10502"},"modified":"2016-03-17T12:38:28","modified_gmt":"2016-03-17T15:38:28","slug":"depois-de-intensas-discussoes-diretorio-do-pt-decide-apoiar-pre-candidatura-de-janival-andrade","status":"publish","type":"post","link":"https:\/\/www.maisbn.com\/portal\/2016\/03\/depois-de-intensas-discussoes-diretorio-do-pt-decide-apoiar-pre-candidatura-de-janival-andrade\/","title":{"rendered":"Depois de intensas discuss\u00f5es Diret\u00f3rio do PT decide apoiar pr\u00e9-candidatura de Janival Andrade."},"content":{"rendered":"<p><a href=\"http:\/\/www.maisbn.com\/portal\/wp-content\/uploads\/2016\/03\/janival_PT.jpg\"><img loading=\"lazy\" decoding=\"async\" class=\"wp-image-10503 size-full aligncenter\" src=\"http:\/\/www.maisbn.com\/portal\/wp-content\/uploads\/2016\/03\/janival_PT.jpg\" alt=\"\" width=\"650\" height=\"412\" \/><\/a><\/p>\n<p><span style=\"color: #000000;\">Ap\u00f3s um acalorado debate realizado na \u00faltima quarta-feira (16\/03), o Diret\u00f3rio do Partido dos Trabalhadores (PT) decide compor a base de partidos que apoiar\u00e3o a pr\u00e9-candidatura do agricultor Janival Andrade, irm\u00e3o do Deputado J\u00e2nio Natal.<\/span><\/p>\n<p><span style=\"color: #000000;\">Os membros do diret\u00f3rio travaram uma disputa interna para resolver qual lado seguir nas pr\u00f3ximas elei\u00e7\u00f5es municipais que acontecer\u00e3o esse ano. Uma ala queria apoiar o ex-prefeito I\u00eado Elias e a outra ala queria apoiar Janival Andrade. Houve acaloradas discuss\u00f5es, foi feita uma elei\u00e7\u00e3o e quem venceu foi ala de apoio a Janival por um placar de 04 X 03. Alguns membros n\u00e3o gostaram da decis\u00e3o e, segundo informa\u00e7\u00f5es, prometem sair do partido.<\/span><\/p>\n<p><span style=\"color: #000000;\">Com essa ades\u00e3o o grupo liderado por Janival Andrade consegue mais um partido de apoio e, segundo correligion\u00e1rios, existem negocia\u00e7\u00f5es para a ades\u00e3o de v\u00e1rios outros.<\/span><\/p>\n","protected":false},"excerpt":{"rendered":"<p>Ap\u00f3s um acalorado debate realizado na \u00faltima quarta-feira (16\/03), o Diret\u00f3rio do Partido dos Trabalhadores (PT) decide compor a base de partidos que apoiar\u00e3o a pr\u00e9-candidatura do agricultor Janival Andrade, irm\u00e3o do Deputado J\u00e2nio Natal. Os membros do diret\u00f3rio travaram uma disputa interna para resolver qual lado seguir nas pr\u00f3ximas elei\u00e7\u00f5es municipais que acontecer\u00e3o esse [&hellip;]<\/p>\n","protected":false},"author":7,"featured_media":10503,"comment_status":"open","ping_status":"open","sticky":false,"template":"","format":"standard","meta":{"footnotes":""},"categories":[1,7],"tags":[108],"class_list":["post-10502","post","type-post","status-publish","format-standard","has-post-thumbnail","hentry","category-noticias","category-politica","tag-belmonte"],"_links":{"self":[{"href":"https:\/\/www.maisbn.com\/portal\/wp-json\/wp\/v2\/posts\/10502","targetHints":{"allow":["GET"]}}],"collection":[{"href":"https:\/\/www.maisbn.com\/portal\/wp-json\/wp\/v2\/posts"}],"about":[{"href":"https:\/\/www.maisbn.com\/portal\/wp-json\/wp\/v2\/types\/post"}],"author":[{"embeddable":true,"href":"https:\/\/www.maisbn.com\/portal\/wp-json\/wp\/v2\/users\/7"}],"replies":[{"embeddable":true,"href":"https:\/\/www.maisbn.com\/portal\/wp-json\/wp\/v2\/comments?post=10502"}],"version-history":[{"count":1,"href":"https:\/\/www.maisbn.com\/portal\/wp-json\/wp\/v2\/posts\/10502\/revisions"}],"predecessor-version":[{"id":10504,"href":"https:\/\/www.maisbn.com\/portal\/wp-json\/wp\/v2\/posts\/10502\/revisions\/10504"}],"wp:featuredmedia":[{"embeddable":true,"href":"https:\/\/www.maisbn.com\/portal\/wp-json\/wp\/v2\/media\/10503"}],"wp:attachment":[{"href":"https:\/\/www.maisbn.com\/portal\/wp-json\/wp\/v2\/media?parent=10502"}],"wp:term":[{"taxonomy":"category","embeddable":true,"href":"https:\/\/www.maisbn.com\/portal\/wp-json\/wp\/v2\/categories?post=10502"},{"taxonomy":"post_tag","embeddable":true,"href":"https:\/\/www.maisbn.com\/portal\/wp-json\/wp\/v2\/tags?post=10502"}],"curies":[{"name":"wp","href":"https:\/\/api.w.org\/{rel}","templated":true}]}}