{"id":10500,"date":"2016-03-16T23:25:06","date_gmt":"2016-03-17T02:25:06","guid":{"rendered":"http:\/\/www.maisbn.com\/portal\/?p=10500"},"modified":"2016-03-16T23:25:06","modified_gmt":"2016-03-17T02:25:06","slug":"veracel-divulga-diversas-oportunidades-de-emprego","status":"publish","type":"post","link":"https:\/\/www.maisbn.com\/portal\/2016\/03\/veracel-divulga-diversas-oportunidades-de-emprego\/","title":{"rendered":"Veracel divulga diversas oportunidades de emprego."},"content":{"rendered":"<p><span style=\"color: #000000;\"><b>Veracel Celulose divulga edital para contrata\u00e7\u00e3o para trabalhador de planejamento florestal<\/b><\/span><\/p>\n<p><span style=\"color: #000000;\">S\u00e3o duas vagas. Para se candidatar, \u00e9 necess\u00e1rio ensino m\u00e9dio completo. Possuir viv\u00eancia com planejamento florestal e em atividades rurais \u00e9 diferencial para esta vaga. <u><\/u><u><\/u><\/span><\/p>\n<p><span style=\"color: #000000;\">Os interessados nas vagas divulgadas devem cadastrar curr\u00edculo at\u00e9 o dia <b>23\/03\/2016<\/b>, acessando o site <a style=\"color: #000000;\" href=\"http:\/\/www.veracel.com.br\" target=\"_blank\">www.veracel.com.br<\/a>. Localize a op\u00e7\u00e3o Trabalhe Conosco \u2013&gt; Cadastre o seu curr\u00edculo \u2013 Acesse Conhe\u00e7a as nossas vagas \u2013 Clique no t\u00edtulo para ter acesso \u00e0s informa\u00e7\u00f5es detalhadas da vaga e como candidatar-se. A candidatura \u00e0 vaga s\u00f3 \u00e9 poss\u00edvel ap\u00f3s o cadastro das informa\u00e7\u00f5es no site. <u><\/u><u><\/u><\/span><\/p>\n<p><span style=\"color: #000000;\">Toda a comunica\u00e7\u00e3o com os candidatos ser\u00e1 realizada por meio do endere\u00e7o eletr\u00f4nico utilizado para cadastro do curr\u00edculo no site da Veracel.<\/span><\/p>\n<p style=\"text-align: center;\"><span style=\"color: #000000;\"><b>Veracel Celulose divulga edital para profissionais de Invent\u00e1rio Florestal<\/b><\/span><\/p>\n<p><span style=\"color: #000000;\">S\u00e3o tr\u00eas vagas: uma para Monitor de Invent\u00e1rio Florestal e outras duas para Trabalhador de Invent\u00e1rio Florestal. Detalhes no site da Veracel (Trabalhe Conosco).<u><\/u><u><\/u><\/span><\/p>\n<p><span style=\"color: #000000;\">Os interessados nas vagas divulgadas devem cadastrar curr\u00edculo at\u00e9 o dia <b>23\/03\/2016<\/b>, acessando o site <a style=\"color: #000000;\" href=\"http:\/\/www.veracel.com.br\" target=\"_blank\">www.veracel.com.br<\/a>. Localize a op\u00e7\u00e3o Trabalhe Conosco \u2013&gt; Cadastre o seu curr\u00edculo \u2013 Acesse Conhe\u00e7a as nossas vagas \u2013 Clique no t\u00edtulo para ter acesso \u00e0s informa\u00e7\u00f5es detalhadas da vaga e como candidatar-se. A candidatura \u00e0 vaga s\u00f3 \u00e9 poss\u00edvel ap\u00f3s o cadastro das informa\u00e7\u00f5es no site. <u><\/u><u><\/u><\/span><\/p>\n<p><span style=\"color: #000000;\">Toda a comunica\u00e7\u00e3o com os candidatos ser\u00e1 realizada por meio do endere\u00e7o eletr\u00f4nico utilizado para cadastro do curr\u00edculo no site da Veracel.<\/span><\/p>\n<p><span style=\"color: #000000;\"><b>Veracel Celulose <\/b><b>divulga edital para contrata\u00e7\u00e3o de Aprendiz de Rotinas Administrativas Industriais<\/b><\/span><\/p>\n<p><span style=\"color: #000000;\">A Veracel Celulose, em parceria com o SENAI &#8211; Servi\u00e7o Nacional de Aprendizagem Industrial dar\u00e1 in\u00edcio \u00e0 forma\u00e7\u00e3o de uma nova turma de Aprendizes para o curso de Rotinas Administrativas Industriais. O SENAI ofertar\u00e1 40 vagas e a Veracel contratar\u00e1 20 jovens desta turma para ingressarem no seu Programa de Jovens Aprendizes.<\/span><\/p>\n<p><span style=\"color: #000000;\"><strong>REQUISITOS <\/strong><\/span><\/p>\n<ul>\n<li><span style=\"color: #000000;\">Idade entre 14 e 21 anos e 11 meses, no ato da matr\u00edcula. Caso o Aprendiz seja pessoa com defici\u00eancia, n\u00e3o haver\u00e1 limite m\u00e1ximo de idade para a contrata\u00e7\u00e3o;<\/span><\/li>\n<li><span style=\"color: #000000;\">Estar matriculado e cursando no m\u00ednimo o 9\u00b0 (nono) ano do Ensino Fundamental, caso n\u00e3o tenha conclu\u00eddo o ensino m\u00e9dio;<\/span><\/li>\n<li><span style=\"color: #000000;\">Possuir conhecimentos b\u00e1sicos em editores de texto, planilhas, navega\u00e7\u00e3o e pesquisa na internet, utilizando computadores desktop ou notebook;<\/span><\/li>\n<li><span style=\"color: #000000;\">N\u00e3o ter tido contrato firmado com a Veracel em programas de aprendizagem anteriores;<\/span><\/li>\n<li><span style=\"color: #000000;\">Disponibilidade para estudar no hor\u00e1rio de 13:00 \u00e0s 17:00, durante a parte te\u00f3rica e de 08:00 \u00e0s 15:00, durante a parte pr\u00e1tica;<\/span><\/li>\n<li><span style=\"color: #000000;\">N\u00e3o estar matriculado em nenhum curso gratuito no SENAI\/DR\/BA, no ato da matr\u00edcula;<\/span><\/li>\n<li><span style=\"color: #000000;\">N\u00e3o haver conclu\u00eddo, a qualquer tempo, curso de aprendizagem de conte\u00fado program\u00e1tico similar ou id\u00eantico ao proposto nesse Programa de Aprendizagem, por meio do SENAI;<\/span><\/li>\n<li><span style=\"color: #000000;\">Possibilidade de celebrar Contrato de Aprendizagem com a empresa;<\/span><\/li>\n<li><span style=\"color: #000000;\">Se PCD, documenta\u00e7\u00e3o que comprove a condi\u00e7\u00e3o de pessoa com defici\u00eancia ou reabilitada.<\/span><\/li>\n<\/ul>\n<p><span style=\"color: #000000;\"><strong>\u00a0<\/strong>As inscri\u00e7\u00f5es e os testes acontecer\u00e3o SOMENTE via Internet e dever\u00e3o ser realizados de 14\/03\/2016 at\u00e9 \u00e0s 23:59 do dia 28\/03\/2016. A candidatura \u00e0s vagas s\u00f3 \u00e9 poss\u00edvel ap\u00f3s o cadastro das informa\u00e7\u00f5es no site da Veracel Celulose (<a style=\"color: #000000;\" href=\"http:\/\/www.veracel.com.br\">www.veracel.com.br<\/a>).<\/span><\/p>\n<p><span style=\"color: #000000;\">Para se candidatar, acesse o site <a style=\"color: #000000;\" href=\"http:\/\/www.veracel.com.br\">www.veracel.com.br<\/a>, localizando a op\u00e7\u00e3o <strong> Trabalhe Conosco<\/strong>. Caso n\u00e3o possua cadastro no site Veracel, selecione a op\u00e7\u00e3o <strong>Deixe o seu curr\u00edculo conosco <\/strong>e siga as orienta\u00e7\u00f5es<strong>. <\/strong>Se j\u00e1 possui cadastro no site Veracel, confira se os dados cadastrados est\u00e3o atualizados, selecione a op\u00e7\u00e3o <strong>Conhe\u00e7a as nossas vagas<\/strong>, marque a vaga de seu interesse ou clique duas vezes sobre o t\u00edtulo da vaga para abri-la e, em seguida, clique na op\u00e7\u00e3o CANDIDATURA e siga as orienta\u00e7\u00f5es.<\/span><\/p>\n<p><span style=\"color: #000000;\">ATEN\u00c7\u00c3O: Para confirmar a candidatura, preencha as fichas adicionais (testes) e pressionar o bot\u00e3o \u201cConfirma Candidatura\u201d, localizado ao final da p\u00e1gina. Ap\u00f3s o preenchimento de todos as fichas adicionais (testes), o candidato receber\u00e1 a confirma\u00e7\u00e3o da candidatura \u00e0 vaga no e-mail utilizado para cadastro do curr\u00edculo no site.<\/span><\/p>\n<p><strong><a href=\"http:\/\/www.maisbn.com\/Edital Externo Jovem Aprendiz 2016-Versao 3.doc\" target=\"_blank\">Veja Edital<\/a><\/strong><\/p>\n<p>&nbsp;<\/p>\n<p>&nbsp;<\/p>\n<p>&nbsp;<br \/>\n&#8212;&#8212;&#8212;&#8212;&#8212;&#8212;&#8212;&#8212;&#8212;&#8212;&#8212;&#8212;&#8212;&#8212;&#8212;&#8212;&#8212;&#8212;&#8212;&#8212;&#8212;&#8212;&#8212;&#8212;&#8212;&#8212;&#8212;&#8212;&#8212;&#8212;&#8212;&#8212;&#8212;&#8212;&#8212;&#8212;&#8212;&#8212;&#8212;&#8212;&#8212;&#8212;&#8212;&#8212;&#8212;&#8211;<\/p>\n","protected":false},"excerpt":{"rendered":"<p>Veracel Celulose divulga edital para contrata\u00e7\u00e3o para trabalhador de planejamento florestal S\u00e3o duas vagas. Para se candidatar, \u00e9 necess\u00e1rio ensino m\u00e9dio completo. Possuir viv\u00eancia com planejamento florestal e em atividades rurais \u00e9 diferencial para esta vaga. Os interessados nas vagas divulgadas devem cadastrar curr\u00edculo at\u00e9 o dia 23\/03\/2016, acessando o site www.veracel.com.br. Localize a op\u00e7\u00e3o [&hellip;]<\/p>\n","protected":false},"author":7,"featured_media":6410,"comment_status":"open","ping_status":"open","sticky":false,"template":"","format":"standard","meta":{"footnotes":""},"categories":[9,1],"tags":[108],"class_list":["post-10500","post","type-post","status-publish","format-standard","has-post-thumbnail","hentry","category-concursos-oportunidades","category-noticias","tag-belmonte"],"_links":{"self":[{"href":"https:\/\/www.maisbn.com\/portal\/wp-json\/wp\/v2\/posts\/10500","targetHints":{"allow":["GET"]}}],"collection":[{"href":"https:\/\/www.maisbn.com\/portal\/wp-json\/wp\/v2\/posts"}],"about":[{"href":"https:\/\/www.maisbn.com\/portal\/wp-json\/wp\/v2\/types\/post"}],"author":[{"embeddable":true,"href":"https:\/\/www.maisbn.com\/portal\/wp-json\/wp\/v2\/users\/7"}],"replies":[{"embeddable":true,"href":"https:\/\/www.maisbn.com\/portal\/wp-json\/wp\/v2\/comments?post=10500"}],"version-history":[{"count":1,"href":"https:\/\/www.maisbn.com\/portal\/wp-json\/wp\/v2\/posts\/10500\/revisions"}],"predecessor-version":[{"id":10501,"href":"https:\/\/www.maisbn.com\/portal\/wp-json\/wp\/v2\/posts\/10500\/revisions\/10501"}],"wp:featuredmedia":[{"embeddable":true,"href":"https:\/\/www.maisbn.com\/portal\/wp-json\/wp\/v2\/media\/6410"}],"wp:attachment":[{"href":"https:\/\/www.maisbn.com\/portal\/wp-json\/wp\/v2\/media?parent=10500"}],"wp:term":[{"taxonomy":"category","embeddable":true,"href":"https:\/\/www.maisbn.com\/portal\/wp-json\/wp\/v2\/categories?post=10500"},{"taxonomy":"post_tag","embeddable":true,"href":"https:\/\/www.maisbn.com\/portal\/wp-json\/wp\/v2\/tags?post=10500"}],"curies":[{"name":"wp","href":"https:\/\/api.w.org\/{rel}","templated":true}]}}