{"id":10459,"date":"2016-03-10T11:33:25","date_gmt":"2016-03-10T14:33:25","guid":{"rendered":"http:\/\/www.maisbn.com\/portal\/?p=10459"},"modified":"2016-03-12T11:36:03","modified_gmt":"2016-03-12T14:36:03","slug":"secretaria-de-assistencia-social-realizou-na-ultima-terca-feira-evento-em-homenagem-ao-dia-da-mulher","status":"publish","type":"post","link":"https:\/\/www.maisbn.com\/portal\/2016\/03\/secretaria-de-assistencia-social-realizou-na-ultima-terca-feira-evento-em-homenagem-ao-dia-da-mulher\/","title":{"rendered":"Secretaria de Assist\u00eancia Social realizou na \u00faltima ter\u00e7a-feira evento em homenagem ao dia da mulher."},"content":{"rendered":"<p><a href=\"http:\/\/www.maisbn.com\/portal\/wp-content\/uploads\/2016\/03\/diadasmulheres_00017.jpg\"><img loading=\"lazy\" decoding=\"async\" class=\"aligncenter size-full wp-image-10463\" src=\"http:\/\/www.maisbn.com\/portal\/wp-content\/uploads\/2016\/03\/diadasmulheres_00017.jpg\" alt=\"diadasmulheres_00017\" width=\"650\" height=\"412\" \/><\/a><\/p>\n<p><span style=\"color: #000000;\">A Secretaria Municipal de Assist\u00eancia Social realizou na \u00faltima ter\u00e7a-feira (08 de mar\u00e7o) uma Mobiliza\u00e7\u00e3o Social em homenagem ao Dia Internacional da Mulher em Belmonte, no sentido de promover o Empoderamento das mulheres. \u201cEstamos promovendo uma s\u00e9rie de mudan\u00e7as. A luta \u00e9 constante e di\u00e1ria, e come\u00e7a com um N\u00c3O. N\u00e3o calar, n\u00e3o aceitar, n\u00e3o abaixar a cabe\u00e7a. N\u00e3o podemos esquecer de onde tudo come\u00e7a: dentro de cada um de n\u00f3s!&#8221; &#8211; Comentou Alba Gomes, uma das organizadoras do evento.<br \/>\n<\/span><\/p>\n<p><a href=\"http:\/\/www.maisbn.com\/portal\/wp-content\/uploads\/2016\/03\/diadasmulheres_00005.jpg\"><img loading=\"lazy\" decoding=\"async\" class=\"aligncenter size-full wp-image-10464\" src=\"http:\/\/www.maisbn.com\/portal\/wp-content\/uploads\/2016\/03\/diadasmulheres_00005.jpg\" alt=\"diadasmulheres_00005\" width=\"650\" height=\"412\" \/><\/a><\/p>\n<p><span style=\"color: #000000;\">A concentra\u00e7\u00e3o aconteceu no Centro de Refer\u00eancia da Assist\u00eancia Social- CRAS, come\u00e7ou por volta da 09h30min com uma grande passeata pelas ruas, o evento contou com a participa\u00e7\u00e3o da Prefeita, a Sr.\u00aa Alice Maria de Britto e a Secret\u00e1ria de Administra\u00e7\u00e3o, a Sr.\u00aa Cristiane da Silva Campos. Na sequ\u00eancia, com informa\u00e7\u00e3o sobre os Servi\u00e7os Assistenciais; atendimentos m\u00e9dicos servi\u00e7o de beleza e sorteios de brindes. Houve tamb\u00e9m momentos de atra\u00e7\u00e3o para o p\u00fablico infantil.<\/span><\/p>\n","protected":false},"excerpt":{"rendered":"<p>A Secretaria Municipal de Assist\u00eancia Social realizou na \u00faltima ter\u00e7a-feira (08 de mar\u00e7o) uma Mobiliza\u00e7\u00e3o Social em homenagem ao Dia Internacional da Mulher em Belmonte, no sentido de promover o Empoderamento das mulheres. \u201cEstamos promovendo uma s\u00e9rie de mudan\u00e7as. A luta \u00e9 constante e di\u00e1ria, e come\u00e7a com um N\u00c3O. N\u00e3o calar, n\u00e3o aceitar, n\u00e3o [&hellip;]<\/p>\n","protected":false},"author":7,"featured_media":10463,"comment_status":"open","ping_status":"open","sticky":false,"template":"","format":"standard","meta":{"footnotes":""},"categories":[45,1],"tags":[108],"class_list":["post-10459","post","type-post","status-publish","format-standard","has-post-thumbnail","hentry","category-cidades","category-noticias","tag-belmonte"],"_links":{"self":[{"href":"https:\/\/www.maisbn.com\/portal\/wp-json\/wp\/v2\/posts\/10459","targetHints":{"allow":["GET"]}}],"collection":[{"href":"https:\/\/www.maisbn.com\/portal\/wp-json\/wp\/v2\/posts"}],"about":[{"href":"https:\/\/www.maisbn.com\/portal\/wp-json\/wp\/v2\/types\/post"}],"author":[{"embeddable":true,"href":"https:\/\/www.maisbn.com\/portal\/wp-json\/wp\/v2\/users\/7"}],"replies":[{"embeddable":true,"href":"https:\/\/www.maisbn.com\/portal\/wp-json\/wp\/v2\/comments?post=10459"}],"version-history":[{"count":2,"href":"https:\/\/www.maisbn.com\/portal\/wp-json\/wp\/v2\/posts\/10459\/revisions"}],"predecessor-version":[{"id":10465,"href":"https:\/\/www.maisbn.com\/portal\/wp-json\/wp\/v2\/posts\/10459\/revisions\/10465"}],"wp:featuredmedia":[{"embeddable":true,"href":"https:\/\/www.maisbn.com\/portal\/wp-json\/wp\/v2\/media\/10463"}],"wp:attachment":[{"href":"https:\/\/www.maisbn.com\/portal\/wp-json\/wp\/v2\/media?parent=10459"}],"wp:term":[{"taxonomy":"category","embeddable":true,"href":"https:\/\/www.maisbn.com\/portal\/wp-json\/wp\/v2\/categories?post=10459"},{"taxonomy":"post_tag","embeddable":true,"href":"https:\/\/www.maisbn.com\/portal\/wp-json\/wp\/v2\/tags?post=10459"}],"curies":[{"name":"wp","href":"https:\/\/api.w.org\/{rel}","templated":true}]}}