{"id":10447,"date":"2016-03-12T09:20:31","date_gmt":"2016-03-12T12:20:31","guid":{"rendered":"http:\/\/www.maisbn.com\/portal\/?p=10447"},"modified":"2016-03-12T09:20:31","modified_gmt":"2016-03-12T12:20:31","slug":"secretaria-de-saude-de-belmonte-desmente-denuncias-de-abandono-de-posto-de-saude-no-ubu","status":"publish","type":"post","link":"https:\/\/www.maisbn.com\/portal\/2016\/03\/secretaria-de-saude-de-belmonte-desmente-denuncias-de-abandono-de-posto-de-saude-no-ubu\/","title":{"rendered":"Secretaria de Sa\u00fade de Belmonte desmente denuncias de abandono de Posto de Sa\u00fade no Ub\u00fa."},"content":{"rendered":"<p><a href=\"http:\/\/www.maisbn.com\/portal\/wp-content\/uploads\/2016\/03\/psf-08.jpg\"><img loading=\"lazy\" decoding=\"async\" class=\"aligncenter size-full wp-image-10450\" src=\"http:\/\/www.maisbn.com\/portal\/wp-content\/uploads\/2016\/03\/psf-08.jpg\" alt=\"psf-08\" width=\"650\" height=\"366\" \/><\/a><\/p>\n<p><span style=\"color: #000000;\">No \u00faltimo dia 09\/03 uma postagem em uma rede social fez uma grave den\u00fancia contra a Prefeitura Municipal de Belmonte. A postagem, feita pelo vereador F\u00e1bio Carvalho, consta que a gest\u00e3o atual gastou mais de 1 milh\u00e3o de reais com o carnaval e abandonou a comunidade do Ub\u00fa onde estaria faltando atendimento m\u00e9dico.<\/span><\/p>\n<p><span style=\"color: #000000;\">O vereador em sua postagem ainda acusou a Prefeitura de Belmonte de ter abandonado um posto de sa\u00fade da localidade construido com recursos do munic\u00edpio, da ASPEX e da Veracel totalizando um montante de R$ 46.350,00. A m\u00e3o de obra ficou por conta de mutir\u00f5es realizados pela Associa\u00e7\u00e3o dos Produtores do Ub\u00fa.<\/span><\/p>\n<p><span style=\"color: #000000;\">O vereador acusa que o pr\u00e9dio esta abandonado h\u00e1 08 meses sem m\u00f3veis e profissionais de sa\u00fade e que a popula\u00e7\u00e3o teve os atendimentos de sa\u00fade prejudicados por causa do abandono. &#8220;Se perguntar o motivos pelo qual o posto n\u00e3o est\u00e1 sendo utilizado h\u00e1 mais de 8 meses para ela e sua equipe, aposto que v\u00e3o dizer que \u00e9 crise.&#8221; &#8211; Comentou o vereador no final da postagem.<\/span><\/p>\n<p><span style=\"color: #000000;\">A not\u00edcia se espalhou pelas redes sociais e sites da cidade e nossa equipe, de posse das informa\u00e7\u00f5es, questionou a Secretaria Municipal de Sa\u00fade para saber o que estava acontecendo. A Secretaria informou que as acusa\u00e7\u00f5es do vereador n\u00e3o s\u00e3o verdadeiras e que o pr\u00e9dio nunca foi um Posto de Sa\u00fade, e sim, uma extens\u00e3o do PSF &#8211; 08 (Jo\u00e3o Carlos Mattos de Paula)\u00a0 que \u00e9 localizado na Novo Horizonte.<\/span><\/p>\n<p><span style=\"color: #000000;\">A Secretaria ainda explicou que a equipe do PSF &#8211; 08 \u00e9 uma equipe volante que atende em v\u00e1rias localidades e usa o pr\u00e9dio como ponto de apoio. Essa decis\u00e3o foi tomada com base em uma an\u00e1lise feita onde se mostrou que um posto fixo causava problemas para as fam\u00edlias que moravam distantes, por isso que se preferiu levar as equipes a esses lugares e facilitar o atendimento das comunidades. &#8220;Essas informa\u00e7\u00f5es de que n\u00e3o est\u00e1 tendo atendimento m\u00e9dico \u00e9 mentira. N\u00f3s temos uma equipe formada pelo Dr. F\u00e9lix, enfermeira \u00c9rica e T\u00e9cnica de enfermagem T\u00e2nia. Esses profissionais est\u00e3o atendendo na equipe itinerante. Infelizmente as pessoas que est\u00e3o postando essas not\u00edcias falsas n\u00e3o nos procuram para saber o que est\u00e1 acontecendo.&#8221; &#8211; Comentou Uadila, Secret\u00e1ria Municipal de Sa\u00fade.<\/span><\/p>\n<p><span style=\"color: #000000;\">A Secretaria Municipal de Sa\u00fade finalizou colocando que os servi\u00e7os de sa\u00fade no povoado do UB\u00fa e em outras comunidades pr\u00f3ximas est\u00e1 ocorrendo normalmente e que n\u00e3o foi constatado nenhum problema at\u00e9 o momento.<\/span><\/p>\n<p>&nbsp;<\/p>\n<div class=\"text_exposed_show\">\n<p>&nbsp;<\/p>\n<\/div>\n","protected":false},"excerpt":{"rendered":"<p>No \u00faltimo dia 09\/03 uma postagem em uma rede social fez uma grave den\u00fancia contra a Prefeitura Municipal de Belmonte. A postagem, feita pelo vereador F\u00e1bio Carvalho, consta que a gest\u00e3o atual gastou mais de 1 milh\u00e3o de reais com o carnaval e abandonou a comunidade do Ub\u00fa onde estaria faltando atendimento m\u00e9dico. O vereador [&hellip;]<\/p>\n","protected":false},"author":7,"featured_media":10450,"comment_status":"open","ping_status":"open","sticky":false,"template":"","format":"standard","meta":{"footnotes":""},"categories":[1,28],"tags":[108],"class_list":["post-10447","post","type-post","status-publish","format-standard","has-post-thumbnail","hentry","category-noticias","category-saude-noticias","tag-belmonte"],"_links":{"self":[{"href":"https:\/\/www.maisbn.com\/portal\/wp-json\/wp\/v2\/posts\/10447","targetHints":{"allow":["GET"]}}],"collection":[{"href":"https:\/\/www.maisbn.com\/portal\/wp-json\/wp\/v2\/posts"}],"about":[{"href":"https:\/\/www.maisbn.com\/portal\/wp-json\/wp\/v2\/types\/post"}],"author":[{"embeddable":true,"href":"https:\/\/www.maisbn.com\/portal\/wp-json\/wp\/v2\/users\/7"}],"replies":[{"embeddable":true,"href":"https:\/\/www.maisbn.com\/portal\/wp-json\/wp\/v2\/comments?post=10447"}],"version-history":[{"count":3,"href":"https:\/\/www.maisbn.com\/portal\/wp-json\/wp\/v2\/posts\/10447\/revisions"}],"predecessor-version":[{"id":10458,"href":"https:\/\/www.maisbn.com\/portal\/wp-json\/wp\/v2\/posts\/10447\/revisions\/10458"}],"wp:featuredmedia":[{"embeddable":true,"href":"https:\/\/www.maisbn.com\/portal\/wp-json\/wp\/v2\/media\/10450"}],"wp:attachment":[{"href":"https:\/\/www.maisbn.com\/portal\/wp-json\/wp\/v2\/media?parent=10447"}],"wp:term":[{"taxonomy":"category","embeddable":true,"href":"https:\/\/www.maisbn.com\/portal\/wp-json\/wp\/v2\/categories?post=10447"},{"taxonomy":"post_tag","embeddable":true,"href":"https:\/\/www.maisbn.com\/portal\/wp-json\/wp\/v2\/tags?post=10447"}],"curies":[{"name":"wp","href":"https:\/\/api.w.org\/{rel}","templated":true}]}}