{"id":10442,"date":"2016-03-11T09:19:39","date_gmt":"2016-03-11T12:19:39","guid":{"rendered":"http:\/\/www.maisbn.com\/portal\/?p=10442"},"modified":"2016-03-11T09:19:39","modified_gmt":"2016-03-11T12:19:39","slug":"pessoas-armadas-invadem-agridem-segurancas-e-depredam-areas-pertencentes-a-veracel","status":"publish","type":"post","link":"https:\/\/www.maisbn.com\/portal\/2016\/03\/pessoas-armadas-invadem-agridem-segurancas-e-depredam-areas-pertencentes-a-veracel\/","title":{"rendered":"Pessoas armadas invadem, agridem seguran\u00e7as e depredam \u00e1reas pertencentes \u00e0 Veracel."},"content":{"rendered":"<p><a href=\"http:\/\/www.maisbn.com\/portal\/wp-content\/uploads\/2015\/05\/veracel_1.jpg\"><img loading=\"lazy\" decoding=\"async\" class=\"aligncenter size-full wp-image-7580\" src=\"http:\/\/www.maisbn.com\/portal\/wp-content\/uploads\/2015\/05\/veracel_1.jpg\" alt=\"veracel_1\" width=\"640\" height=\"360\" \/><\/a><\/p>\n<p><span style=\"color: #000000;\">Na madrugada de hoje (9\/3), cerca de 80 pessoas armados com armas de fogo, foices e fac\u00f5es, com suporte de um caminh\u00e3o e v\u00e1rios carros e motos atacaram vigilantes da empresa Visel que estavam de servi\u00e7o em \u00e1rea da Veracel, em Eun\u00e1polis\/BA. Em ato planejado com t\u00e1ticas de guerrilha, o grupo armado cercou os ve\u00edculos de vigil\u00e2ncia, agrediram os trabalhadores, mantiveram ref\u00e9ns por mais de duas horas sob tortura, amea\u00e7a de morte e depreda\u00e7\u00e3o dos carros. O vigilantes trabalham desarmados e realizam rondas de vigil\u00e2ncia patrimonial em \u00e1reas da empresa. Durante a a\u00e7\u00e3o, o grupo se apresentou como integrantes do movimento Uni\u00e3o de Resist\u00eancia Camponesa (URC).<\/span><\/p>\n<p><span style=\"color: #000000;\">A ousadia do ataque ocorre no momento em que est\u00e3o sendo cumpridas a\u00e7\u00f5es de reintegra\u00e7\u00e3o de posse em \u00e1reas produtivas da Veracel que est\u00e3o sob ocupa\u00e7\u00e3o de movimentos sociais fora do Acordo firmado entre o Governo do Estado da Bahia, INCRA e seis movimentos sociais e a Veracel em 2011. Desde aquela \u00e9poca, novos grupos surgiram e ocuparam novas \u00e1reas da empresa. Enquanto o Governo do Estado e o Incra buscam solu\u00e7\u00f5es para assentar fam\u00edlias pertencentes a esses novos movimentos sociais, a Veracel Celulose busca garantir as a\u00e7\u00f5es para retomar as atividades florestais das \u00e1reas ocupadas ilegalmente.\u00a0 O ataque pode ter sido uma retalia\u00e7\u00e3o, ignorando o efetivo policial de quatro companhias especiais da Pol\u00edcia Militar presentes na regi\u00e3o.<\/span><\/p>\n<p><span style=\"color: #000000;\">O fornecimento de mat\u00e9ria-prima para produ\u00e7\u00e3o de celulose est\u00e1 sob amea\u00e7a. A destrui\u00e7\u00e3o de plantios por vandalismo, inc\u00eandios criminosos e ocupa\u00e7\u00f5es fora do Acordo representam perdas que comprometem tamb\u00e9m a gera\u00e7\u00e3o de empregos, neg\u00f3cios e impostos associados \u00e0 esta produ\u00e7\u00e3o.<\/span><\/p>\n<p><span style=\"color: #000000;\">ACORDO &#8211; A empresa est\u00e1 ofertando 16,5 hectares destinadas ao Acordo que evoluiu para um projeto de assentamentos sustent\u00e1veis coordenado por uma institui\u00e7\u00e3o de ensino e pesquisa, com suporte t\u00e9cnico e de gest\u00e3o, para a implementa\u00e7\u00e3o de assentamentos sustent\u00e1veis na regi\u00e3o. A proposta contempla cerca de mil fam\u00edlias ligadas ao Movimento dos Trabalhadores sem Terra (MST), \u00e0 Federa\u00e7\u00e3o dos Trabalhadores da Agricultura (Fetag), ao Movimento de Luta pela Terra (MLT), \u00e0 Frente dos Trabalhadores Livres, ao Movimento de Resist\u00eancia Camponesa (MRC) e \u00e0 Associa\u00e7\u00e3o dos Produtores Unidos Venceremos (Aprunve).<\/span><\/p>\n","protected":false},"excerpt":{"rendered":"<p>Na madrugada de hoje (9\/3), cerca de 80 pessoas armados com armas de fogo, foices e fac\u00f5es, com suporte de um caminh\u00e3o e v\u00e1rios carros e motos atacaram vigilantes da empresa Visel que estavam de servi\u00e7o em \u00e1rea da Veracel, em Eun\u00e1polis\/BA. Em ato planejado com t\u00e1ticas de guerrilha, o grupo armado cercou os ve\u00edculos [&hellip;]<\/p>\n","protected":false},"author":7,"featured_media":6410,"comment_status":"open","ping_status":"open","sticky":false,"template":"","format":"standard","meta":{"footnotes":""},"categories":[29,1],"tags":[108],"class_list":["post-10442","post","type-post","status-publish","format-standard","has-post-thumbnail","hentry","category-empreendimentos","category-noticias","tag-belmonte"],"_links":{"self":[{"href":"https:\/\/www.maisbn.com\/portal\/wp-json\/wp\/v2\/posts\/10442","targetHints":{"allow":["GET"]}}],"collection":[{"href":"https:\/\/www.maisbn.com\/portal\/wp-json\/wp\/v2\/posts"}],"about":[{"href":"https:\/\/www.maisbn.com\/portal\/wp-json\/wp\/v2\/types\/post"}],"author":[{"embeddable":true,"href":"https:\/\/www.maisbn.com\/portal\/wp-json\/wp\/v2\/users\/7"}],"replies":[{"embeddable":true,"href":"https:\/\/www.maisbn.com\/portal\/wp-json\/wp\/v2\/comments?post=10442"}],"version-history":[{"count":1,"href":"https:\/\/www.maisbn.com\/portal\/wp-json\/wp\/v2\/posts\/10442\/revisions"}],"predecessor-version":[{"id":10443,"href":"https:\/\/www.maisbn.com\/portal\/wp-json\/wp\/v2\/posts\/10442\/revisions\/10443"}],"wp:featuredmedia":[{"embeddable":true,"href":"https:\/\/www.maisbn.com\/portal\/wp-json\/wp\/v2\/media\/6410"}],"wp:attachment":[{"href":"https:\/\/www.maisbn.com\/portal\/wp-json\/wp\/v2\/media?parent=10442"}],"wp:term":[{"taxonomy":"category","embeddable":true,"href":"https:\/\/www.maisbn.com\/portal\/wp-json\/wp\/v2\/categories?post=10442"},{"taxonomy":"post_tag","embeddable":true,"href":"https:\/\/www.maisbn.com\/portal\/wp-json\/wp\/v2\/tags?post=10442"}],"curies":[{"name":"wp","href":"https:\/\/api.w.org\/{rel}","templated":true}]}}