{"id":10430,"date":"2016-03-09T22:19:01","date_gmt":"2016-03-10T01:19:01","guid":{"rendered":"http:\/\/www.maisbn.com\/portal\/?p=10430"},"modified":"2016-03-09T22:19:01","modified_gmt":"2016-03-10T01:19:01","slug":"revelacao-do-jiu-jitsu-belmontense-diz-que-e-grato-por-apoio-dado-pela-prefeitura-e-empresarios","status":"publish","type":"post","link":"https:\/\/www.maisbn.com\/portal\/2016\/03\/revelacao-do-jiu-jitsu-belmontense-diz-que-e-grato-por-apoio-dado-pela-prefeitura-e-empresarios\/","title":{"rendered":"Revela\u00e7\u00e3o do Jiu Jitsu belmontense diz que \u00e9 grato por apoio dado pela Prefeitura e empres\u00e1rios."},"content":{"rendered":"<p><span style=\"color: #000000;\">Essa semana toda a equipe da Secretaria Municipal de Esportes teve uma surpresa que deixou todos emocionados. Estamos falando do ato nobre de gratid\u00e3o vindo de um grande campe\u00e3o que procurou o setor para agradecer o total apoio prestado na sua grande jornada de vit\u00f3rias. O dono dessa alma nobre \u00e9 o atleta revela\u00e7\u00e3o do Jiu Jitsu belmontense Tarc\u00edsio Gomes que, com apenas 17 anos, disputou 09 competi\u00e7\u00f5es e foi primeiro lugar em todas. Fato que j\u00e1 chamou a aten\u00e7\u00e3o dos ca\u00e7adores de talento esportivo em todo pa\u00eds.<\/span><\/p>\n<p><a href=\"http:\/\/www.maisbn.com\/portal\/wp-content\/uploads\/2016\/03\/campeao_jiujitsu00001.jpg\"><img loading=\"lazy\" decoding=\"async\" class=\"aligncenter size-full wp-image-10431\" src=\"http:\/\/www.maisbn.com\/portal\/wp-content\/uploads\/2016\/03\/campeao_jiujitsu00001.jpg\" alt=\"campeao_jiujitsu00001\" width=\"650\" height=\"412\" \/><\/a><\/p>\n<p><span style=\"color: #000000;\">A sua vit\u00f3ria mais importante e tamb\u00e9m mais emocionante foi o Campeonato Sul Americano de Jiu Jitsu que foi disputado em Vit\u00f3ria do Espirito Santo. Tarc\u00edsio disputou com grandes atletas da Am\u00e9rica do Sul e conseguiu vencer todos que cruzaram o seu caminho. Sem contar que Tarc\u00edsio foi tr\u00eas vezes campe\u00e3o da Costa do Descobrimento.<\/span><\/p>\n<p><span style=\"color: #000000;\">Outros t\u00edtulos foram conquistados na sua grande carreira esportiva como: <\/span><\/p>\n<p><span style=\"color: #000000;\">Campe\u00e3o da Copa Conan de Jiu &#8211; Jitsu, realizado em Eunapolis. <\/span><\/p>\n<p><span style=\"color: #000000;\">Campe\u00e3o da Copa Santa Cruz Cabr\u00e1lia de Jiu &#8211; Jitsu, realizado em Coroa Vermelha.<\/span><\/p>\n<p><span style=\"color: #000000;\">Campe\u00e3o do Itabuna open de Jiu &#8211; Jitsu, realizada em Itabuna.<\/span><\/p>\n<p><span style=\"color: #000000;\">Campe\u00e3o da 3\u00b0 Etapa do Campeonato Estadual de Jiu &#8211; Jitsu, realizado em Eun\u00e1polis.<\/span><\/p>\n<p><span style=\"color: #000000;\">Campe\u00e3o Sul Am\u00e9ricano de submission ( o primeiro belmontense a participar de uma competi\u00e7\u00e3o de Jiu &#8211; Jitsu sem kimono) Realizado em Vit\u00f3ria Do Esp\u00edrito Santo.<\/span><\/p>\n<p><a href=\"http:\/\/www.maisbn.com\/portal\/wp-content\/uploads\/2016\/03\/campeao_jiujitsu00002.jpg\"><img loading=\"lazy\" decoding=\"async\" class=\"aligncenter size-full wp-image-10432\" src=\"http:\/\/www.maisbn.com\/portal\/wp-content\/uploads\/2016\/03\/campeao_jiujitsu00002.jpg\" alt=\"campeao_jiujitsu00002\" width=\"650\" height=\"412\" \/><\/a><\/p>\n<p><span style=\"color: #000000;\">Al\u00e9m de ser uma grande promessa no Jiu Jitsu nacional Tarcisio mostrou ser humilde quando procurou a todos que o ajudaram para agradecer. Dilson Santos, Diretor de Esporte da Secretaria, ficou emocionado com a iniciativa do atleta. &#8220;N\u00f3s come\u00e7amos a apoiar esse garoto em 2013, quando ele come\u00e7ava no Jiu Jitsu e isso mostra que a nossa iniciativa de apostar as fichas nos atletas belmontenses de todas as modalidades est\u00e1 dando certo e tudo isso n\u00e3o teria acontecido sem a sensibilidade da Prefeita Alice Britto que, mesmo com essa crise financeira que o munic\u00edpio t\u00e1 passando, sempre procurou ajudar os atletistas de nossa cidade.&#8221;\u00a0 &#8211; Comentou Dilson.<\/span><\/p>\n<p><a href=\"http:\/\/www.maisbn.com\/portal\/wp-content\/uploads\/2016\/03\/campeao_jiujitsu00003.jpg\"><img loading=\"lazy\" decoding=\"async\" class=\"aligncenter size-full wp-image-10434\" src=\"http:\/\/www.maisbn.com\/portal\/wp-content\/uploads\/2016\/03\/campeao_jiujitsu00003.jpg\" alt=\"campeao_jiujitsu00003\" width=\"650\" height=\"412\" \/><\/a><\/p>\n<p><span style=\"color: #000000;\">Tarcisio ainda procurou o empres\u00e1rio Bebeto Gama do Posto Riomar que tamb\u00e9m ficou muito alegre com o reconhecimento do atleta. O mesmo fez quest\u00e3o de tirar uma fotografia e comentar que Bebeto foi um grande incentivador da sua carreira vitoriosa. O atleta ainda aproveitou para agradecer aos patrocinadores TG Bicicletaria, ao Projeto Vencer de Barrol\u00e2ndia e, de forma especial, a Maicon Castro que o ajudou no come\u00e7o da sua carreira dando o seu primeiro Kimono para o in\u00edcio dos treinos.<\/span><\/p>\n<p><span style=\"color: #000000;\">Tarcisio tamb\u00e9m aproveitou para agradecer ao\u00a0 Professor Romeu Maselli e \u00e0 toda equipe da Academia Maselli. O atleta ainda lembrou de todo o apoio dado pelos Srs. Alexandre Magnavitta e Luis Ricci e comentou que, sem o apoio de todas essas pessoas, ele n\u00e3o teria conseguido esses grandes resultados.<\/span><\/p>\n<p><a href=\"http:\/\/www.maisbn.com\/portal\/wp-content\/uploads\/2016\/03\/campeao_jiujitsu00004.jpg\"><img loading=\"lazy\" decoding=\"async\" class=\"aligncenter size-full wp-image-10435\" src=\"http:\/\/www.maisbn.com\/portal\/wp-content\/uploads\/2016\/03\/campeao_jiujitsu00004.jpg\" alt=\"campeao_jiujitsu00004\" width=\"650\" height=\"412\" \/><\/a><\/p>\n<p><span style=\"color: #000000;\">O pr\u00f3ximo desafio de Tarc\u00edsio acontecer\u00e1 em Salvador no Campeonato Grand Slam de Jiu Jitsu onde a Academia Projeto Vencer patrocinou a inscri\u00e7\u00e3o do mesmo e est\u00e1 treinando o atleta para trazer mais esse t\u00edtulo para o povo belmontense. &#8220;Eu estou treinando fortemente para trazer mais esse t\u00edtulo. Estou focado porque eu vou enfrentar atletas internacionais e muito bons. Ent\u00e3o n\u00e3o posso subestimar os meus advers\u00e1rios.&#8221; &#8211; Comentou Tarc\u00edsio.<\/span><\/p>\n","protected":false},"excerpt":{"rendered":"<p>Essa semana toda a equipe da Secretaria Municipal de Esportes teve uma surpresa que deixou todos emocionados. Estamos falando do ato nobre de gratid\u00e3o vindo de um grande campe\u00e3o que procurou o setor para agradecer o total apoio prestado na sua grande jornada de vit\u00f3rias. O dono dessa alma nobre \u00e9 o atleta revela\u00e7\u00e3o do [&hellip;]<\/p>\n","protected":false},"author":7,"featured_media":10431,"comment_status":"open","ping_status":"open","sticky":false,"template":"","format":"standard","meta":{"footnotes":""},"categories":[10,1],"tags":[108],"class_list":["post-10430","post","type-post","status-publish","format-standard","has-post-thumbnail","hentry","category-esporte","category-noticias","tag-belmonte"],"_links":{"self":[{"href":"https:\/\/www.maisbn.com\/portal\/wp-json\/wp\/v2\/posts\/10430","targetHints":{"allow":["GET"]}}],"collection":[{"href":"https:\/\/www.maisbn.com\/portal\/wp-json\/wp\/v2\/posts"}],"about":[{"href":"https:\/\/www.maisbn.com\/portal\/wp-json\/wp\/v2\/types\/post"}],"author":[{"embeddable":true,"href":"https:\/\/www.maisbn.com\/portal\/wp-json\/wp\/v2\/users\/7"}],"replies":[{"embeddable":true,"href":"https:\/\/www.maisbn.com\/portal\/wp-json\/wp\/v2\/comments?post=10430"}],"version-history":[{"count":1,"href":"https:\/\/www.maisbn.com\/portal\/wp-json\/wp\/v2\/posts\/10430\/revisions"}],"predecessor-version":[{"id":10436,"href":"https:\/\/www.maisbn.com\/portal\/wp-json\/wp\/v2\/posts\/10430\/revisions\/10436"}],"wp:featuredmedia":[{"embeddable":true,"href":"https:\/\/www.maisbn.com\/portal\/wp-json\/wp\/v2\/media\/10431"}],"wp:attachment":[{"href":"https:\/\/www.maisbn.com\/portal\/wp-json\/wp\/v2\/media?parent=10430"}],"wp:term":[{"taxonomy":"category","embeddable":true,"href":"https:\/\/www.maisbn.com\/portal\/wp-json\/wp\/v2\/categories?post=10430"},{"taxonomy":"post_tag","embeddable":true,"href":"https:\/\/www.maisbn.com\/portal\/wp-json\/wp\/v2\/tags?post=10430"}],"curies":[{"name":"wp","href":"https:\/\/api.w.org\/{rel}","templated":true}]}}