{"id":10334,"date":"2016-03-02T15:29:59","date_gmt":"2016-03-02T18:29:59","guid":{"rendered":"http:\/\/www.maisbn.com\/portal\/?p=10334"},"modified":"2016-03-02T15:29:59","modified_gmt":"2016-03-02T18:29:59","slug":"vereador-idinho-deixa-o-pp-vai-para-o-dem-e-segue-junto-com-a-prefeita-alice-na-luta-pela-reeleicao","status":"publish","type":"post","link":"https:\/\/www.maisbn.com\/portal\/2016\/03\/vereador-idinho-deixa-o-pp-vai-para-o-dem-e-segue-junto-com-a-prefeita-alice-na-luta-pela-reeleicao\/","title":{"rendered":"Vereador Idinho deixa o PP, vai para o DEM e segue junto com a Prefeita Alice na luta pela reelei\u00e7\u00e3o."},"content":{"rendered":"<p><a href=\"http:\/\/www.maisbn.com\/portal\/wp-content\/uploads\/2016\/03\/idinho_01.jpg\"><img loading=\"lazy\" decoding=\"async\" class=\"aligncenter size-full wp-image-10335\" src=\"http:\/\/www.maisbn.com\/portal\/wp-content\/uploads\/2016\/03\/idinho_01.jpg\" alt=\"idinho_01\" width=\"415\" height=\"363\" \/><\/a><\/p>\n<p><span style=\"color: #000000;\">O vereador Idinho declarou nesta quarta-feira (02\/03) que est\u00e1 se despedindo do Partido Progressista (PP) e seguir\u00e1 sua jornada pol\u00edtica integrando o Democratas (DEM). O vereador comentou que mudou para conseguir continuar fazendo parte da base aliada da Prefeita Alice Britto a quem aprendeu admirar ainda mais depois que a mesma assumiu os comandos da Prefeitura Municipal de Belmonte.<\/span><\/p>\n<p><span style=\"color: #000000;\">Nossa equipe abordou o tema da reelei\u00e7\u00e3o da Prefeita Alice Britto onde ele respondeu que segue acreditando que o povo belmontense saber\u00e1 reconhecer a grande luta que a mesma enfrentou nessa primeira gest\u00e3o. Idinho ainda comentou que acredita no potencial da gestora porque, mesmo sem dispor dos mesmos recursos dos seus antecessores, Alice conseguiu fazer muitas obras e vem contornando a crise para trazer melhorias para os belmontenses. &#8220;O ano de 2015 foi muito dif\u00edcil para todos porque os recursos ficaram escassos e n\u00e3o consegue se fazer uma boa administra\u00e7\u00e3o sem dinheiro. Acredito que em 2017 o cen\u00e1rio vai estar mais favor\u00e1vel e sei que Alice em um melhor cen\u00e1rio econ\u00f4mico trar\u00e1 muito mais benef\u00edcios para a nossa comunidade.&#8221; &#8211; Comentou Idinho.<\/span><\/p>\n","protected":false},"excerpt":{"rendered":"<p>O vereador Idinho declarou nesta quarta-feira (02\/03) que est\u00e1 se despedindo do Partido Progressista (PP) e seguir\u00e1 sua jornada pol\u00edtica integrando o Democratas (DEM). O vereador comentou que mudou para conseguir continuar fazendo parte da base aliada da Prefeita Alice Britto a quem aprendeu admirar ainda mais depois que a mesma assumiu os comandos da [&hellip;]<\/p>\n","protected":false},"author":7,"featured_media":10335,"comment_status":"open","ping_status":"open","sticky":false,"template":"","format":"standard","meta":{"footnotes":""},"categories":[1,7],"tags":[108],"class_list":["post-10334","post","type-post","status-publish","format-standard","has-post-thumbnail","hentry","category-noticias","category-politica","tag-belmonte"],"_links":{"self":[{"href":"https:\/\/www.maisbn.com\/portal\/wp-json\/wp\/v2\/posts\/10334","targetHints":{"allow":["GET"]}}],"collection":[{"href":"https:\/\/www.maisbn.com\/portal\/wp-json\/wp\/v2\/posts"}],"about":[{"href":"https:\/\/www.maisbn.com\/portal\/wp-json\/wp\/v2\/types\/post"}],"author":[{"embeddable":true,"href":"https:\/\/www.maisbn.com\/portal\/wp-json\/wp\/v2\/users\/7"}],"replies":[{"embeddable":true,"href":"https:\/\/www.maisbn.com\/portal\/wp-json\/wp\/v2\/comments?post=10334"}],"version-history":[{"count":1,"href":"https:\/\/www.maisbn.com\/portal\/wp-json\/wp\/v2\/posts\/10334\/revisions"}],"predecessor-version":[{"id":10336,"href":"https:\/\/www.maisbn.com\/portal\/wp-json\/wp\/v2\/posts\/10334\/revisions\/10336"}],"wp:featuredmedia":[{"embeddable":true,"href":"https:\/\/www.maisbn.com\/portal\/wp-json\/wp\/v2\/media\/10335"}],"wp:attachment":[{"href":"https:\/\/www.maisbn.com\/portal\/wp-json\/wp\/v2\/media?parent=10334"}],"wp:term":[{"taxonomy":"category","embeddable":true,"href":"https:\/\/www.maisbn.com\/portal\/wp-json\/wp\/v2\/categories?post=10334"},{"taxonomy":"post_tag","embeddable":true,"href":"https:\/\/www.maisbn.com\/portal\/wp-json\/wp\/v2\/tags?post=10334"}],"curies":[{"name":"wp","href":"https:\/\/api.w.org\/{rel}","templated":true}]}}