{"id":10321,"date":"2016-02-29T21:24:30","date_gmt":"2016-03-01T00:24:30","guid":{"rendered":"http:\/\/www.maisbn.com\/portal\/?p=10321"},"modified":"2016-02-29T21:24:30","modified_gmt":"2016-03-01T00:24:30","slug":"janio-natal-e-janival-andrade-deverao-sair-do-prp-e-ingressarem-no-ptn","status":"publish","type":"post","link":"https:\/\/www.maisbn.com\/portal\/2016\/02\/janio-natal-e-janival-andrade-deverao-sair-do-prp-e-ingressarem-no-ptn\/","title":{"rendered":"J\u00e2nio Natal e Janival Andrade dever\u00e3o sair do PRP e ingressarem no PTN."},"content":{"rendered":"<p><span style=\"color: #000000;\">O deputado estadual J\u00e2nio Natal deixar\u00e1 o PRP e ir\u00e1 ingressar no PTN. De acordo com o parlamentar, a decis\u00e3o vem a reboque do prest\u00edgio do partido e do foco na educa\u00e7\u00e3o. \u201c\u00c9 um tema muito defendido pelo deputado federal Jo\u00e3o Carlos Bacelar [a educa\u00e7\u00e3o]. Entro tamb\u00e9m pelo grande relacionamento que tenho hoje com o Jo\u00e3o e com o deputado Alex Lima. Me sinto mais \u00e0 vontade no PTN\u201d, descreveu. <a href=\"http:\/\/www.maisbn.com\/portal\/wp-content\/uploads\/2015\/10\/janionatal00001.jpg\"><img loading=\"lazy\" decoding=\"async\" class=\"aligncenter size-full wp-image-8854\" src=\"http:\/\/www.maisbn.com\/portal\/wp-content\/uploads\/2015\/10\/janionatal00001.jpg\" alt=\"janionatal00001\" width=\"650\" height=\"412\" \/><\/a><\/span><\/p>\n<p><span style=\"color: #000000;\">Ainda de acordo com Natal, al\u00e9m dele, seu irm\u00e3o, Janival Andrade Borges, que \u00e9 pr\u00e9-candidato \u00e0 prefeitura de Belmonte, na Bahia, ir\u00e1 ingressar na legenda. \u201cTrarei v\u00e1rios vereadores do Sul da Bahia, v\u00e1rias lideran\u00e7as\u201d, estimou. <\/span><\/p>\n<p><span style=\"color: #000000;\">Apesar do PTN fazer parte do leque governista na Assembleia Legislativa da Bahia (AL-BA), J\u00e2nio Natal n\u00e3o pretende engrossar a fileira do governo. Segundo ele, a posi\u00e7\u00e3o dele na Casa ser\u00e1 a imparcialidade. \u201cVou aderir \u00e0s coisas boas. Achando que devo votar a favor de uma mat\u00e9ria, votarei\u201d, explicou. A filia\u00e7\u00e3o oficial de J\u00e2nio ao partido acontecer\u00e1 no dia 18 de mar\u00e7o.<\/span><\/p>\n","protected":false},"excerpt":{"rendered":"<p>O deputado estadual J\u00e2nio Natal deixar\u00e1 o PRP e ir\u00e1 ingressar no PTN. De acordo com o parlamentar, a decis\u00e3o vem a reboque do prest\u00edgio do partido e do foco na educa\u00e7\u00e3o. \u201c\u00c9 um tema muito defendido pelo deputado federal Jo\u00e3o Carlos Bacelar [a educa\u00e7\u00e3o]. Entro tamb\u00e9m pelo grande relacionamento que tenho hoje com o [&hellip;]<\/p>\n","protected":false},"author":7,"featured_media":8854,"comment_status":"open","ping_status":"open","sticky":false,"template":"","format":"standard","meta":{"footnotes":""},"categories":[1,7],"tags":[108],"class_list":["post-10321","post","type-post","status-publish","format-standard","has-post-thumbnail","hentry","category-noticias","category-politica","tag-belmonte"],"_links":{"self":[{"href":"https:\/\/www.maisbn.com\/portal\/wp-json\/wp\/v2\/posts\/10321","targetHints":{"allow":["GET"]}}],"collection":[{"href":"https:\/\/www.maisbn.com\/portal\/wp-json\/wp\/v2\/posts"}],"about":[{"href":"https:\/\/www.maisbn.com\/portal\/wp-json\/wp\/v2\/types\/post"}],"author":[{"embeddable":true,"href":"https:\/\/www.maisbn.com\/portal\/wp-json\/wp\/v2\/users\/7"}],"replies":[{"embeddable":true,"href":"https:\/\/www.maisbn.com\/portal\/wp-json\/wp\/v2\/comments?post=10321"}],"version-history":[{"count":1,"href":"https:\/\/www.maisbn.com\/portal\/wp-json\/wp\/v2\/posts\/10321\/revisions"}],"predecessor-version":[{"id":10322,"href":"https:\/\/www.maisbn.com\/portal\/wp-json\/wp\/v2\/posts\/10321\/revisions\/10322"}],"wp:featuredmedia":[{"embeddable":true,"href":"https:\/\/www.maisbn.com\/portal\/wp-json\/wp\/v2\/media\/8854"}],"wp:attachment":[{"href":"https:\/\/www.maisbn.com\/portal\/wp-json\/wp\/v2\/media?parent=10321"}],"wp:term":[{"taxonomy":"category","embeddable":true,"href":"https:\/\/www.maisbn.com\/portal\/wp-json\/wp\/v2\/categories?post=10321"},{"taxonomy":"post_tag","embeddable":true,"href":"https:\/\/www.maisbn.com\/portal\/wp-json\/wp\/v2\/tags?post=10321"}],"curies":[{"name":"wp","href":"https:\/\/api.w.org\/{rel}","templated":true}]}}