{"id":10295,"date":"2016-02-27T22:07:21","date_gmt":"2016-02-28T01:07:21","guid":{"rendered":"http:\/\/www.maisbn.com\/portal\/?p=10295"},"modified":"2016-02-27T22:15:56","modified_gmt":"2016-02-28T01:15:56","slug":"o-esporte-de-belmonte-podera-ter-um-legitimo-representante-na-camara-municipal","status":"publish","type":"post","link":"https:\/\/www.maisbn.com\/portal\/2016\/02\/o-esporte-de-belmonte-podera-ter-um-legitimo-representante-na-camara-municipal\/","title":{"rendered":"O esporte de Belmonte poder\u00e1 ter um leg\u00edtimo representante na C\u00e2mara Municipal."},"content":{"rendered":"<div><a href=\"http:\/\/www.maisbn.com\/portal\/wp-content\/uploads\/2016\/02\/Janio_fafa.jpg\"><img loading=\"lazy\" decoding=\"async\" class=\"aligncenter wp-image-10296\" src=\"http:\/\/www.maisbn.com\/portal\/wp-content\/uploads\/2016\/02\/Janio_fafa.jpg\" alt=\"Janio_fafa\" width=\"593\" height=\"446\" \/><\/a><\/div>\n<p><span style=\"color: #000000;\">Jos\u00e9 Mario Borges Cruz, conhecido na sua terra natal e no meio do futebol baiano como FAF\u00c1, declarou que ser\u00e1 candidato a Vereador de Belmonte nas pr\u00f3ximas elei\u00e7\u00f5es de 2016 para representar todos os amantes do futebol no munic\u00edpio.<\/span><\/p>\n<p><span style=\"color: #000000;\">FAF\u00c1 se filiou ao partido do Deputado J\u00e2nio Natal, o Partido Trabalhista Nacional (PTN). O grupo pol\u00edtico do deputado recebeu com festa o apoio de FAF\u00c1 e revelou que n\u00e3o existe candidato melhor para representar o esporte de Belmonte. Hoje com 46 anos, FAF\u00c1 comentou que pretende implantar escolinhas de futebol para crian\u00e7as entre 12 e 16. \u201cEu pretendo passar para as crian\u00e7as o meu aprendizado no mundo do futebol e mostrar para elas a import\u00e2ncia do esporte na vida de cada um, e, se Deus quiser, revelar outros craques belmontenses para Bahia e o mundo.\u201d \u2013 Comentou FAF\u00c1.<\/span><\/p>\n<p><span style=\"color: #000000;\">O Deputado J\u00e2nio Natal, que \u00e9 um grande incentivador do esporte, confessou ser um admirador do ex-jogador e disse que todos os belmontenses se orgulham de FAF\u00c1, como pessoa e como atleta. \u201cSe FAF\u00c1 for eleito vereador, o verdadeiro vitorioso ser\u00e1 o esporte de Belmonte.\u201d \u2013 Garante J\u00e2nio Natal!<\/span><\/p>\n","protected":false},"excerpt":{"rendered":"<p>Jos\u00e9 Mario Borges Cruz, conhecido na sua terra natal e no meio do futebol baiano como FAF\u00c1, declarou que ser\u00e1 candidato a Vereador de Belmonte nas pr\u00f3ximas elei\u00e7\u00f5es de 2016 para representar todos os amantes do futebol no munic\u00edpio. FAF\u00c1 se filiou ao partido do Deputado J\u00e2nio Natal, o Partido Trabalhista Nacional (PTN). O grupo [&hellip;]<\/p>\n","protected":false},"author":7,"featured_media":10296,"comment_status":"open","ping_status":"open","sticky":false,"template":"","format":"standard","meta":{"footnotes":""},"categories":[1,7],"tags":[108],"class_list":["post-10295","post","type-post","status-publish","format-standard","has-post-thumbnail","hentry","category-noticias","category-politica","tag-belmonte"],"_links":{"self":[{"href":"https:\/\/www.maisbn.com\/portal\/wp-json\/wp\/v2\/posts\/10295","targetHints":{"allow":["GET"]}}],"collection":[{"href":"https:\/\/www.maisbn.com\/portal\/wp-json\/wp\/v2\/posts"}],"about":[{"href":"https:\/\/www.maisbn.com\/portal\/wp-json\/wp\/v2\/types\/post"}],"author":[{"embeddable":true,"href":"https:\/\/www.maisbn.com\/portal\/wp-json\/wp\/v2\/users\/7"}],"replies":[{"embeddable":true,"href":"https:\/\/www.maisbn.com\/portal\/wp-json\/wp\/v2\/comments?post=10295"}],"version-history":[{"count":4,"href":"https:\/\/www.maisbn.com\/portal\/wp-json\/wp\/v2\/posts\/10295\/revisions"}],"predecessor-version":[{"id":10300,"href":"https:\/\/www.maisbn.com\/portal\/wp-json\/wp\/v2\/posts\/10295\/revisions\/10300"}],"wp:featuredmedia":[{"embeddable":true,"href":"https:\/\/www.maisbn.com\/portal\/wp-json\/wp\/v2\/media\/10296"}],"wp:attachment":[{"href":"https:\/\/www.maisbn.com\/portal\/wp-json\/wp\/v2\/media?parent=10295"}],"wp:term":[{"taxonomy":"category","embeddable":true,"href":"https:\/\/www.maisbn.com\/portal\/wp-json\/wp\/v2\/categories?post=10295"},{"taxonomy":"post_tag","embeddable":true,"href":"https:\/\/www.maisbn.com\/portal\/wp-json\/wp\/v2\/tags?post=10295"}],"curies":[{"name":"wp","href":"https:\/\/api.w.org\/{rel}","templated":true}]}}