{"id":10276,"date":"2016-02-26T21:18:18","date_gmt":"2016-02-27T00:18:18","guid":{"rendered":"http:\/\/www.maisbn.com\/portal\/?p=10276"},"modified":"2016-02-26T21:18:18","modified_gmt":"2016-02-27T00:18:18","slug":"prefeitura-de-belmonte-ganha-na-justica-o-direito-de-cobrar-iptu-do-terminal-maritimo-da-veracel","status":"publish","type":"post","link":"https:\/\/www.maisbn.com\/portal\/2016\/02\/prefeitura-de-belmonte-ganha-na-justica-o-direito-de-cobrar-iptu-do-terminal-maritimo-da-veracel\/","title":{"rendered":"Prefeitura de Belmonte ganha na justi\u00e7a o direito de cobrar IPTU do Terminal Mar\u00edtimo da Veracel."},"content":{"rendered":"<p><span style=\"color: #000000;\">A batalha jur\u00eddica travada entre a Veracel Celulose e a Prefeitura Municipal de Belmonte sobre a cobran\u00e7a ou n\u00e3o do Imposto Territorial Urbano (IPTU) do Terminal Mar\u00edtimo de Belmonte, de onde \u00e9 escoada a produ\u00e7\u00e3o de celulose da empresa, finalmente chegou ao fim, estabelecendo vit\u00f3ria para o munic\u00edpio que poder\u00e1 prosseguir com a cobran\u00e7a do imposto citado.<\/span><\/p>\n<p><span style=\"color: #000000;\"><a href=\"http:\/\/www.maisbn.com\/portal\/wp-content\/uploads\/2016\/02\/TMB.jpg\"><img loading=\"lazy\" decoding=\"async\" class=\"alignleft size-thumbnail wp-image-10279\" src=\"http:\/\/www.maisbn.com\/portal\/wp-content\/uploads\/2016\/02\/TMB-350x175.jpg\" alt=\"TMB\" width=\"350\" height=\"175\" \/><\/a>A Prefeitura Municipal de Belmonte, atrav\u00e9s da sua assessoria jur\u00eddica prestada pel0 Escrit\u00f3rio Alves e Nogueira Advogados Associados,\u00a0 j\u00e1 tinha ganho o embate travado em primeira inst\u00e2ncia na Comarca de Belmonte onde a Justi\u00e7a entendeu que \u00e9 de compet\u00eancia do munic\u00edpio legislar sobre o seu territ\u00f3rio, sendo que, a \u00e1rea onde se situa o porto da Empresa foi estabelecida em Lei Municipal como \u00e1rea de expans\u00e3o urbana, detendo os requisitos m\u00ednimos para incid\u00eancia do IPTU. A Veracel recorreu em segunda inst\u00e2ncia no Tribunal de Justi\u00e7a da Bahia (TJBA) e teve sua apela\u00e7\u00e3o julgada improcedente, mantendo-se inalterada a decis\u00e3o de primeiro grau em favor do Munic\u00edpio, e ap\u00f3s o decurso do prazo legal, sendo rejeitados os embargos de declara\u00e7\u00e3o opostos, a decis\u00e3o transitou em julgado em 23 de fevereiro de 2016, conforme Certid\u00e3o da Primeira C\u00e2mara C\u00edvel daquele Tribunal.<\/span><\/p>\n<p><span style=\"color: #000000;\">O advogado Antonio Pitanga, representante da Assessoria Jur\u00eddica da Prefeitura de Belmonte, considerou satisfat\u00f3rios os resultados conseguidos e colocou que os direitos do munic\u00edpio foram assegurados. &#8220;N\u00f3s poderemos seguir, n\u00e3o s\u00f3 com a cobran\u00e7a do imposto devido pela Empresa e demais propriet\u00e1rios da \u00e1rea, mas executar tamb\u00e9m as d\u00edvidas n\u00e3o prescritas, de forma a melhorar a arrecada\u00e7\u00e3o municipal. Em momentos de crise, n\u00e3o se poderia ter noticia melhor!&#8221; &#8211; Comentou Dr. Pitanga.<\/span><\/p>\n<p><span style=\"color: #000000;\">A Prefeitura de Belmonte, atrav\u00e9s de sua Assessoria Jur\u00eddica, informou ainda que j\u00e1 ingressou em ju\u00edzo com as devidas a\u00e7\u00f5es de execu\u00e7\u00e3o fiscal contra a Veracel sobre a sua inscri\u00e7\u00e3o em divida ativa municipal e espera em breve que a empresa, for\u00e7ada ou voluntariamente, venha a quitar a sua obriga\u00e7\u00e3o fiscal.<\/span><\/p>\n<p>&nbsp;<\/p>\n","protected":false},"excerpt":{"rendered":"<p>A batalha jur\u00eddica travada entre a Veracel Celulose e a Prefeitura Municipal de Belmonte sobre a cobran\u00e7a ou n\u00e3o do Imposto Territorial Urbano (IPTU) do Terminal Mar\u00edtimo de Belmonte, de onde \u00e9 escoada a produ\u00e7\u00e3o de celulose da empresa, finalmente chegou ao fim, estabelecendo vit\u00f3ria para o munic\u00edpio que poder\u00e1 prosseguir com a cobran\u00e7a do [&hellip;]<\/p>\n","protected":false},"author":7,"featured_media":10279,"comment_status":"open","ping_status":"open","sticky":false,"template":"","format":"standard","meta":{"footnotes":""},"categories":[29,1],"tags":[108,435,258,257,30],"class_list":["post-10276","post","type-post","status-publish","format-standard","has-post-thumbnail","hentry","category-empreendimentos","category-noticias","tag-belmonte","tag-belmonte-bahia-3","tag-terminal-maritimo-de-belmonte","tag-tmb","tag-veracel"],"_links":{"self":[{"href":"https:\/\/www.maisbn.com\/portal\/wp-json\/wp\/v2\/posts\/10276","targetHints":{"allow":["GET"]}}],"collection":[{"href":"https:\/\/www.maisbn.com\/portal\/wp-json\/wp\/v2\/posts"}],"about":[{"href":"https:\/\/www.maisbn.com\/portal\/wp-json\/wp\/v2\/types\/post"}],"author":[{"embeddable":true,"href":"https:\/\/www.maisbn.com\/portal\/wp-json\/wp\/v2\/users\/7"}],"replies":[{"embeddable":true,"href":"https:\/\/www.maisbn.com\/portal\/wp-json\/wp\/v2\/comments?post=10276"}],"version-history":[{"count":4,"href":"https:\/\/www.maisbn.com\/portal\/wp-json\/wp\/v2\/posts\/10276\/revisions"}],"predecessor-version":[{"id":10281,"href":"https:\/\/www.maisbn.com\/portal\/wp-json\/wp\/v2\/posts\/10276\/revisions\/10281"}],"wp:featuredmedia":[{"embeddable":true,"href":"https:\/\/www.maisbn.com\/portal\/wp-json\/wp\/v2\/media\/10279"}],"wp:attachment":[{"href":"https:\/\/www.maisbn.com\/portal\/wp-json\/wp\/v2\/media?parent=10276"}],"wp:term":[{"taxonomy":"category","embeddable":true,"href":"https:\/\/www.maisbn.com\/portal\/wp-json\/wp\/v2\/categories?post=10276"},{"taxonomy":"post_tag","embeddable":true,"href":"https:\/\/www.maisbn.com\/portal\/wp-json\/wp\/v2\/tags?post=10276"}],"curies":[{"name":"wp","href":"https:\/\/api.w.org\/{rel}","templated":true}]}}