{"id":10194,"date":"2016-02-18T17:19:37","date_gmt":"2016-02-18T20:19:37","guid":{"rendered":"http:\/\/www.maisbn.com\/portal\/?p=10194"},"modified":"2016-02-18T17:19:37","modified_gmt":"2016-02-18T20:19:37","slug":"janio-natal-pede-a-colocacao-do-tipo-sanguineo-e-fator-rh-em-documentos","status":"publish","type":"post","link":"https:\/\/www.maisbn.com\/portal\/2016\/02\/janio-natal-pede-a-colocacao-do-tipo-sanguineo-e-fator-rh-em-documentos\/","title":{"rendered":"J\u00c2NIO NATAL PEDE A COLOCA\u00c7\u00c3O DO TIPO SANGU\u00cdNEO E FATOR RH EM DOCUMENTOS."},"content":{"rendered":"<p><a href=\"http:\/\/www.maisbn.com\/portal\/wp-content\/uploads\/2016\/02\/dep_janio_natal.jpg\"><img loading=\"lazy\" decoding=\"async\" class=\"aligncenter size-full wp-image-10178\" src=\"http:\/\/www.maisbn.com\/portal\/wp-content\/uploads\/2016\/02\/dep_janio_natal.jpg\" alt=\"dep_janio_natal\" width=\"530\" height=\"352\" \/><\/a><\/p>\n<p><span style=\"color: #000000;\">Projeto de Lei encaminhado pelo Deputado J\u00e2nio Natal \u00e0 Mesa Diretora da Assembleia Legislativa, torna obrigat\u00f3ria a coloca\u00e7\u00e3o do tipo sangu\u00edneo e fator RH do portador, nos documentos de identifica\u00e7\u00e3o expedidos no estado da Bahia: Certid\u00e3o de Nascimento, Carteira de Identidade, Carteira Nacional de Habilita\u00e7\u00e3o e Carteira de Identidade Funcional.<\/span><\/p>\n<p><span style=\"color: #000000;\">Pelo Projeto, a emiss\u00e3o de segundas vias desses documentos somente poder\u00e1 ser efetuada mediante a apresenta\u00e7\u00e3o, pelo interessado, do laudo laboratorial contendo o tipo sangu\u00edneo e o fator RH do identificado.<\/span><br \/>\n<span style=\"color: #000000;\">Os \u00d3rg\u00e3os de Sa\u00fade dever\u00e3o fazer constar da Declara\u00e7\u00e3o de Nascido Vivo, para efeito de Registro de Nascimento perante o Cart\u00f3rio de Servi\u00e7o de Pessoas Naturais, o tipo sangu\u00edneo e o fator RH do rec\u00e9m-nascido, junto com as demais informa\u00e7\u00f5es do nascimento.<\/span><\/p>\n<p><span style=\"color: #000000;\">O Projeto prev\u00ea, ainda, que os Cart\u00f3rios de Registro Civil das Pessoas Naturais do Estado da Bahia, somente poder\u00e3o efetuar o registro de nascimento de pessoas com identifica\u00e7\u00e3o do tipo sangu\u00edneo e do fator RH do registrando e as Unidades de Sa\u00fade do estado, para finalidade de registro de nascimento, de forma gratuita, far\u00e3o o exame para identifica\u00e7\u00e3o do tipo sangu\u00edneo e do fator RH, para rec\u00e9m-nascidos que n\u00e3o portarem a Declara\u00e7\u00e3o de Nascido Vivo.<\/span><br \/>\n<span style=\"color: #000000;\">Para simplicidade do processo, n\u00e3o ser\u00e1 necess\u00e1ria a modifica\u00e7\u00e3o em qualquer modelo de documento, sendo o tipo sangu\u00edneo e o fator RH apostos ap\u00f3s o nome do Identificado ou registrando, entre par\u00eanteses.<\/span><\/p>\n<p><span style=\"color: #000000;\">Justificando a proposi\u00e7\u00e3o, J\u00e2nio faz notar que, diante dos constantes riscos de acidentes e at\u00e9 mesmo do aumento da viol\u00eancia no estado e no Pa\u00eds, \u00e9 inconceb\u00edvel que os documentos que identificam o cidad\u00e3o n\u00e3o forne\u00e7am informa\u00e7\u00f5es vitais, como o tipo sangu\u00edneo e o fator RH.<\/span><\/p>\n<p><span style=\"color: #000000;\">E salienta: \u201cestas informa\u00e7\u00f5es podem representar a diferen\u00e7a entre a vida e a morte de milhares de pessoas, em casos de acidentes, agress\u00f5es violentas ou at\u00e9 mesmo na ocorr\u00eancia de mal s\u00fabito\u201d.<\/span><\/p>\n<p><span style=\"color: #000000;\">Al\u00e9m desta evidente vantagem, conclui o parlamentar, a medida ora proposta vir\u00e1 incentivar a doa\u00e7\u00e3o de sangue; que poucos baianos sabem qual o seu tipo sangu\u00edneo e in\u00fameras vezes vemos pessoas saud\u00e1veis, que, num momento de necessidade, desejam ajudar algu\u00e9m e deixam de faz\u00ea-lo, porque n\u00e3o disp\u00f5em desta informa\u00e7\u00e3o!<\/span><\/p>\n","protected":false},"excerpt":{"rendered":"<p>Projeto de Lei encaminhado pelo Deputado J\u00e2nio Natal \u00e0 Mesa Diretora da Assembleia Legislativa, torna obrigat\u00f3ria a coloca\u00e7\u00e3o do tipo sangu\u00edneo e fator RH do portador, nos documentos de identifica\u00e7\u00e3o expedidos no estado da Bahia: Certid\u00e3o de Nascimento, Carteira de Identidade, Carteira Nacional de Habilita\u00e7\u00e3o e Carteira de Identidade Funcional. Pelo Projeto, a emiss\u00e3o de [&hellip;]<\/p>\n","protected":false},"author":7,"featured_media":10178,"comment_status":"open","ping_status":"open","sticky":false,"template":"","format":"standard","meta":{"footnotes":""},"categories":[1,7],"tags":[108],"class_list":["post-10194","post","type-post","status-publish","format-standard","has-post-thumbnail","hentry","category-noticias","category-politica","tag-belmonte"],"_links":{"self":[{"href":"https:\/\/www.maisbn.com\/portal\/wp-json\/wp\/v2\/posts\/10194","targetHints":{"allow":["GET"]}}],"collection":[{"href":"https:\/\/www.maisbn.com\/portal\/wp-json\/wp\/v2\/posts"}],"about":[{"href":"https:\/\/www.maisbn.com\/portal\/wp-json\/wp\/v2\/types\/post"}],"author":[{"embeddable":true,"href":"https:\/\/www.maisbn.com\/portal\/wp-json\/wp\/v2\/users\/7"}],"replies":[{"embeddable":true,"href":"https:\/\/www.maisbn.com\/portal\/wp-json\/wp\/v2\/comments?post=10194"}],"version-history":[{"count":1,"href":"https:\/\/www.maisbn.com\/portal\/wp-json\/wp\/v2\/posts\/10194\/revisions"}],"predecessor-version":[{"id":10195,"href":"https:\/\/www.maisbn.com\/portal\/wp-json\/wp\/v2\/posts\/10194\/revisions\/10195"}],"wp:featuredmedia":[{"embeddable":true,"href":"https:\/\/www.maisbn.com\/portal\/wp-json\/wp\/v2\/media\/10178"}],"wp:attachment":[{"href":"https:\/\/www.maisbn.com\/portal\/wp-json\/wp\/v2\/media?parent=10194"}],"wp:term":[{"taxonomy":"category","embeddable":true,"href":"https:\/\/www.maisbn.com\/portal\/wp-json\/wp\/v2\/categories?post=10194"},{"taxonomy":"post_tag","embeddable":true,"href":"https:\/\/www.maisbn.com\/portal\/wp-json\/wp\/v2\/tags?post=10194"}],"curies":[{"name":"wp","href":"https:\/\/api.w.org\/{rel}","templated":true}]}}