{"id":10174,"date":"2016-02-17T15:55:50","date_gmt":"2016-02-17T18:55:50","guid":{"rendered":"http:\/\/www.maisbn.com\/portal\/?p=10174"},"modified":"2016-02-17T15:55:50","modified_gmt":"2016-02-17T18:55:50","slug":"secretario-explica-corte-de-energia-na-sede-da-secretaria-municipal-de-acao-social","status":"publish","type":"post","link":"https:\/\/www.maisbn.com\/portal\/2016\/02\/secretario-explica-corte-de-energia-na-sede-da-secretaria-municipal-de-acao-social\/","title":{"rendered":"Secret\u00e1rio explica corte de energia na sede da Secretaria Municipal de A\u00e7\u00e3o Social."},"content":{"rendered":"<p><a href=\"http:\/\/www.maisbn.com\/portal\/wp-content\/uploads\/2016\/02\/albervan.jpg\"><img loading=\"lazy\" decoding=\"async\" class=\"size-full wp-image-10175 alignleft\" src=\"http:\/\/www.maisbn.com\/portal\/wp-content\/uploads\/2016\/02\/albervan.jpg\" alt=\"albervan\" width=\"269\" height=\"255\" \/><\/a><span style=\"color: #000000;\">Nessa quarta-feira (17\/02) nossa equipe conversou com o Sr. Albervan Nunes dos Santos, Secret\u00e1rio Municipal de A\u00e7\u00e3o Social de Belmonte. Nosso objetivo foi tratar do assunto pol\u00eamico na cidade que foi o corte de energia el\u00e9trica realizado pela COELBA na sede da Secretaria de A\u00e7\u00e3o Social do munic\u00edpio e em uma creche mantida pela Prefeitura de Belmonte acontecido nesta segunda-feira (15\/02).<\/span><\/p>\n<p><span style=\"color: #000000;\">O Sr. Albervan nos recebeu em sua sala e esclareceu a situa\u00e7\u00e3o explicando que n\u00e3o foi falta de dinheiro como a oposi\u00e7\u00e3o est\u00e1 espalhando pela cidade. Segundo o Secret\u00e1rio, essas contas foram enviadas para serem descontadas da conta banc\u00e1ria da Prefeitura, mas no mesmo dia entraram precat\u00f3rios para serem pagos e aconteceu o estorno do valor dessas contas de energia.\u00a0 Como n\u00e3o foi constatado no sistema da COELBA o pagamento a mesma procedeu o corte no fornecimento de energia, procedimento padr\u00e3o da empresa. Albervan ainda comentou que a situa\u00e7\u00e3o foi resolvida no mesmo dia. &#8220;N\u00e3o houve transtornos com o corte de abastecimento e os servi\u00e7os da Secretaria de A\u00e7\u00e3o Social est\u00e3o ocorrendo normalmente.&#8221; &#8211; Comentou Albervan.<\/span><\/p>\n","protected":false},"excerpt":{"rendered":"<p>Nessa quarta-feira (17\/02) nossa equipe conversou com o Sr. Albervan Nunes dos Santos, Secret\u00e1rio Municipal de A\u00e7\u00e3o Social de Belmonte. Nosso objetivo foi tratar do assunto pol\u00eamico na cidade que foi o corte de energia el\u00e9trica realizado pela COELBA na sede da Secretaria de A\u00e7\u00e3o Social do munic\u00edpio e em uma creche mantida pela Prefeitura [&hellip;]<\/p>\n","protected":false},"author":7,"featured_media":10175,"comment_status":"open","ping_status":"open","sticky":false,"template":"","format":"standard","meta":{"footnotes":""},"categories":[45,1],"tags":[108],"class_list":["post-10174","post","type-post","status-publish","format-standard","has-post-thumbnail","hentry","category-cidades","category-noticias","tag-belmonte"],"_links":{"self":[{"href":"https:\/\/www.maisbn.com\/portal\/wp-json\/wp\/v2\/posts\/10174","targetHints":{"allow":["GET"]}}],"collection":[{"href":"https:\/\/www.maisbn.com\/portal\/wp-json\/wp\/v2\/posts"}],"about":[{"href":"https:\/\/www.maisbn.com\/portal\/wp-json\/wp\/v2\/types\/post"}],"author":[{"embeddable":true,"href":"https:\/\/www.maisbn.com\/portal\/wp-json\/wp\/v2\/users\/7"}],"replies":[{"embeddable":true,"href":"https:\/\/www.maisbn.com\/portal\/wp-json\/wp\/v2\/comments?post=10174"}],"version-history":[{"count":1,"href":"https:\/\/www.maisbn.com\/portal\/wp-json\/wp\/v2\/posts\/10174\/revisions"}],"predecessor-version":[{"id":10176,"href":"https:\/\/www.maisbn.com\/portal\/wp-json\/wp\/v2\/posts\/10174\/revisions\/10176"}],"wp:featuredmedia":[{"embeddable":true,"href":"https:\/\/www.maisbn.com\/portal\/wp-json\/wp\/v2\/media\/10175"}],"wp:attachment":[{"href":"https:\/\/www.maisbn.com\/portal\/wp-json\/wp\/v2\/media?parent=10174"}],"wp:term":[{"taxonomy":"category","embeddable":true,"href":"https:\/\/www.maisbn.com\/portal\/wp-json\/wp\/v2\/categories?post=10174"},{"taxonomy":"post_tag","embeddable":true,"href":"https:\/\/www.maisbn.com\/portal\/wp-json\/wp\/v2\/tags?post=10174"}],"curies":[{"name":"wp","href":"https:\/\/api.w.org\/{rel}","templated":true}]}}