{"id":10119,"date":"2016-02-11T09:13:35","date_gmt":"2016-02-11T12:13:35","guid":{"rendered":"http:\/\/www.maisbn.com\/portal\/?p=10119"},"modified":"2016-02-11T09:13:35","modified_gmt":"2016-02-11T12:13:35","slug":"deputado-janio-natal-e-janival-prestigiam-o-carnaval-e-dizem-estar-preparados-para-as-eleicoes","status":"publish","type":"post","link":"https:\/\/www.maisbn.com\/portal\/2016\/02\/deputado-janio-natal-e-janival-prestigiam-o-carnaval-e-dizem-estar-preparados-para-as-eleicoes\/","title":{"rendered":"Deputado J\u00e2nio Natal e Janival prestigiam o carnaval e dizem estar preparados para as elei\u00e7\u00f5es."},"content":{"rendered":"<p><span style=\"color: #000000;\">Durante o Belmonte Folia 2016 a cidade contou com a presen\u00e7a ilustre do Deputado Estadual J\u00e2nio Natal que recebeu todos os seus amigos e correligion\u00e1rios pol\u00edticos em sua casa. Em conversa com nossa equipe J\u00e2nio comentou que estava gostando da festa e que Belmonte sempre teve um carnaval diferenciado, j\u00e1 que, a cidade d\u00e1 muitas op\u00e7\u00f5es para os visitantes durante todo o dia.\u00a0 O Deputado comentou que nesse ano n\u00e3o participaria dos festejos por estar ainda sofrendo a dor pelo falecimento do Dr. Aldo do Valle, seu amigo e m\u00e9dico h\u00e1 35 anos, acontecido em janeiro desse ano e que s\u00f3 tinha vindo passar o domingo para visitar os amigos e admiradores belmontenses.<\/span><\/p>\n<p><a href=\"http:\/\/www.maisbn.com\/portal\/wp-content\/uploads\/2016\/02\/1arrastaodocarnava20160223.jpg\"><img loading=\"lazy\" decoding=\"async\" class=\"aligncenter size-full wp-image-10120\" src=\"http:\/\/www.maisbn.com\/portal\/wp-content\/uploads\/2016\/02\/1arrastaodocarnava20160223.jpg\" alt=\"1arrastaodocarnava20160223\" width=\"650\" height=\"412\" \/><\/a><\/p>\n<p><span style=\"color: #000000;\">Sobre pol\u00edtica J\u00e2nio n\u00e3o quis fazer coment\u00e1rios, apenas adiantou que continua apostando no seu irm\u00e3o e agricultor Janival Andrade e que estar\u00e1 acompanhando pessoalmente todo o andamento da campanha eleitoral desse ano. J\u00e2nio falou que acredita na vit\u00f3ria do irm\u00e3o e que o mesmo ser\u00e1 um \u00f3timo prefeito para a cidade de Belmonte.<\/span><\/p>\n<p><a href=\"http:\/\/www.maisbn.com\/portal\/wp-content\/uploads\/2016\/02\/carnaval20162dia0185.jpg\"><img loading=\"lazy\" decoding=\"async\" class=\"aligncenter size-full wp-image-10121\" src=\"http:\/\/www.maisbn.com\/portal\/wp-content\/uploads\/2016\/02\/carnaval20162dia0185.jpg\" alt=\"carnaval20162dia0185\" width=\"650\" height=\"412\" \/><\/a><\/p>\n<p><span style=\"color: #000000;\">Nossa equipe tamb\u00e9m encontrou durante a festa com o agricultor Janival Andrade e o mesmo comentou que estava curtindo muito o carnaval de Belmonte. Janival comentou que aproveitou o momento festivo para visitar os amigos e rever as pessoas queridas. Sobre pol\u00edtica, Janival afirmou que \u00e9 pr\u00e9-candidato \u00e0 Prefeito de Belmonte e que n\u00e3o existe essa hist\u00f3ria de estar ineleg\u00edvel como os seus inimigos pol\u00edticos est\u00e3o dizendo. O agricultor ainda colocou que est\u00e1 se preparando para o come\u00e7o do jogo eleitoral e reconheceu que ser\u00e1 bem disputado, mas que n\u00e3o tem medo dos seus oponentes, j\u00e1 que, as chances s\u00e3o grandes de vit\u00f3ria.<\/span><\/p>\n","protected":false},"excerpt":{"rendered":"<p>Durante o Belmonte Folia 2016 a cidade contou com a presen\u00e7a ilustre do Deputado Estadual J\u00e2nio Natal que recebeu todos os seus amigos e correligion\u00e1rios pol\u00edticos em sua casa. Em conversa com nossa equipe J\u00e2nio comentou que estava gostando da festa e que Belmonte sempre teve um carnaval diferenciado, j\u00e1 que, a cidade d\u00e1 muitas [&hellip;]<\/p>\n","protected":false},"author":7,"featured_media":10122,"comment_status":"open","ping_status":"open","sticky":false,"template":"","format":"standard","meta":{"footnotes":""},"categories":[1,7],"tags":[108],"class_list":["post-10119","post","type-post","status-publish","format-standard","has-post-thumbnail","hentry","category-noticias","category-politica","tag-belmonte"],"_links":{"self":[{"href":"https:\/\/www.maisbn.com\/portal\/wp-json\/wp\/v2\/posts\/10119","targetHints":{"allow":["GET"]}}],"collection":[{"href":"https:\/\/www.maisbn.com\/portal\/wp-json\/wp\/v2\/posts"}],"about":[{"href":"https:\/\/www.maisbn.com\/portal\/wp-json\/wp\/v2\/types\/post"}],"author":[{"embeddable":true,"href":"https:\/\/www.maisbn.com\/portal\/wp-json\/wp\/v2\/users\/7"}],"replies":[{"embeddable":true,"href":"https:\/\/www.maisbn.com\/portal\/wp-json\/wp\/v2\/comments?post=10119"}],"version-history":[{"count":1,"href":"https:\/\/www.maisbn.com\/portal\/wp-json\/wp\/v2\/posts\/10119\/revisions"}],"predecessor-version":[{"id":10123,"href":"https:\/\/www.maisbn.com\/portal\/wp-json\/wp\/v2\/posts\/10119\/revisions\/10123"}],"wp:featuredmedia":[{"embeddable":true,"href":"https:\/\/www.maisbn.com\/portal\/wp-json\/wp\/v2\/media\/10122"}],"wp:attachment":[{"href":"https:\/\/www.maisbn.com\/portal\/wp-json\/wp\/v2\/media?parent=10119"}],"wp:term":[{"taxonomy":"category","embeddable":true,"href":"https:\/\/www.maisbn.com\/portal\/wp-json\/wp\/v2\/categories?post=10119"},{"taxonomy":"post_tag","embeddable":true,"href":"https:\/\/www.maisbn.com\/portal\/wp-json\/wp\/v2\/tags?post=10119"}],"curies":[{"name":"wp","href":"https:\/\/api.w.org\/{rel}","templated":true}]}}